{"id":191936,"date":"2021-08-07T13:45:49","date_gmt":"2021-08-07T10:45:49","guid":{"rendered":"http:\/\/107.6.182.27\/es\/?p=191936"},"modified":"2021-08-07T14:06:07","modified_gmt":"2021-08-07T11:06:07","slug":"fuente-oficial-del-ministerio-de-exteriores-y-expatriados-de-siria-la-republica-arabe-siria-condena-energicamente-las-acusaciones-fabricadas-por-israel-ee-uu-gran-bretana-y-algunos-paises-occident","status":"publish","type":"post","link":"https:\/\/archive.sana.sy\/es\/?p=191936","title":{"rendered":"Una fuente del Ministerio de Exteriores y Expatriados de Siria: La Rep\u00fablica \u00c1rabe Siria condena en\u00e9rgicamente las acusaciones fabricadas por Israel, EE. UU, Gran Breta\u00f1a y algunos pa\u00edses occidentales, que se enmarcan en el contexto de los ataques sistem\u00e1ticos contra la Rep\u00fablica Isl\u00e1mica de Ir\u00e1n."},"content":{"rendered":"","protected":false},"excerpt":{"rendered":"","protected":false},"author":39,"featured_media":0,"comment_status":"closed","ping_status":"closed","sticky":false,"template":"","format":"standard","meta":{"footnotes":""},"categories":[1],"tags":[],"class_list":["post-191936","post","type-post","status-publish","format-standard","","category-news-not-sorted"],"_links":{"self":[{"href":"https:\/\/archive.sana.sy\/es\/index.php?rest_route=\/wp\/v2\/posts\/191936"}],"collection":[{"href":"https:\/\/archive.sana.sy\/es\/index.php?rest_route=\/wp\/v2\/posts"}],"about":[{"href":"https:\/\/archive.sana.sy\/es\/index.php?rest_route=\/wp\/v2\/types\/post"}],"author":[{"embeddable":true,"href":"https:\/\/archive.sana.sy\/es\/index.php?rest_route=\/wp\/v2\/users\/39"}],"replies":[{"embeddable":true,"href":"https:\/\/archive.sana.sy\/es\/index.php?rest_route=%2Fwp%2Fv2%2Fcomments&post=191936"}],"version-history":[{"count":0,"href":"https:\/\/archive.sana.sy\/es\/index.php?rest_route=\/wp\/v2\/posts\/191936\/revisions"}],"wp:attachment":[{"href":"https:\/\/archive.sana.sy\/es\/index.php?rest_route=%2Fwp%2Fv2%2Fmedia&parent=191936"}],"wp:term":[{"taxonomy":"category","embeddable":true,"href":"https:\/\/archive.sana.sy\/es\/index.php?rest_route=%2Fwp%2Fv2%2Fcategories&post=191936"},{"taxonomy":"post_tag","embeddable":true,"href":"https:\/\/archive.sana.sy\/es\/index.php?rest_route=%2Fwp%2Fv2%2Ftags&post=191936"}],"curies":[{"name":"wp","href":"https:\/\/api.w.org\/{rel}","templated":true}]}}