{"id":191939,"date":"2021-08-07T13:52:21","date_gmt":"2021-08-07T10:52:21","guid":{"rendered":"http:\/\/107.6.182.27\/es\/?p=191939"},"modified":"2021-08-07T14:05:57","modified_gmt":"2021-08-07T11:05:57","slug":"la-fuente-siria-ratifica-su-solidaridad-y-apoyo-a-la-republica-islamica-de-iran-ante-estas-falsas-acusaciones-y-la-campana-histerica-y-confia-en-la-capacidad-de-iran-para-frustrar-estos-renovados-at","status":"publish","type":"post","link":"https:\/\/archive.sana.sy\/es\/?p=191939","title":{"rendered":"La fuente: Siria ratifica su solidaridad y apoyo a la Rep\u00fablica Isl\u00e1mica de Ir\u00e1n ante estas falsas acusaciones y la campa\u00f1a hist\u00e9rica, y conf\u00eda en la capacidad de Ir\u00e1n para frustrar estos renovados ataques de EE. UU y occidente."},"content":{"rendered":"","protected":false},"excerpt":{"rendered":"","protected":false},"author":39,"featured_media":0,"comment_status":"closed","ping_status":"closed","sticky":false,"template":"","format":"standard","meta":{"footnotes":""},"categories":[1],"tags":[],"class_list":["post-191939","post","type-post","status-publish","format-standard","","category-news-not-sorted"],"_links":{"self":[{"href":"https:\/\/archive.sana.sy\/es\/index.php?rest_route=\/wp\/v2\/posts\/191939"}],"collection":[{"href":"https:\/\/archive.sana.sy\/es\/index.php?rest_route=\/wp\/v2\/posts"}],"about":[{"href":"https:\/\/archive.sana.sy\/es\/index.php?rest_route=\/wp\/v2\/types\/post"}],"author":[{"embeddable":true,"href":"https:\/\/archive.sana.sy\/es\/index.php?rest_route=\/wp\/v2\/users\/39"}],"replies":[{"embeddable":true,"href":"https:\/\/archive.sana.sy\/es\/index.php?rest_route=%2Fwp%2Fv2%2Fcomments&post=191939"}],"version-history":[{"count":0,"href":"https:\/\/archive.sana.sy\/es\/index.php?rest_route=\/wp\/v2\/posts\/191939\/revisions"}],"wp:attachment":[{"href":"https:\/\/archive.sana.sy\/es\/index.php?rest_route=%2Fwp%2Fv2%2Fmedia&parent=191939"}],"wp:term":[{"taxonomy":"category","embeddable":true,"href":"https:\/\/archive.sana.sy\/es\/index.php?rest_route=%2Fwp%2Fv2%2Fcategories&post=191939"},{"taxonomy":"post_tag","embeddable":true,"href":"https:\/\/archive.sana.sy\/es\/index.php?rest_route=%2Fwp%2Fv2%2Ftags&post=191939"}],"curies":[{"name":"wp","href":"https:\/\/api.w.org\/{rel}","templated":true}]}}