{"id":191942,"date":"2021-08-07T14:57:10","date_gmt":"2021-08-07T11:57:10","guid":{"rendered":"http:\/\/107.6.182.27\/es\/?p=191942"},"modified":"2021-08-07T14:57:21","modified_gmt":"2021-08-07T11:57:21","slug":"siria-rechaza-acusaciones-contra-iran-y-ratifica-su-apoyo-a-esta-nacion","status":"publish","type":"post","link":"https:\/\/archive.sana.sy\/es\/?p=191942","title":{"rendered":"Siria rechaza acusaciones contra Ir\u00e1n y ratifica su apoyo a esta naci\u00f3n"},"content":{"rendered":"<p style=\"text-align: justify;\"><span style=\"color: #800000;\"><strong>Damasco, SANA<\/strong><\/span><\/p>\n<p style=\"text-align: justify;\">Siria conden\u00f3 en\u00e9rgicamente las acusaciones fabricadas por &#8220;Israel&#8221;, EE.UU y algunos pa\u00edses occidentales contra la Rep\u00fablica Isl\u00e1mica de Ir\u00e1n, y ratific\u00f3 su solidaridad y apoyo a esta naci\u00f3n ante esta campa\u00f1a hist\u00e9rica y falsas acusaciones.<\/p>\n<p style=\"text-align: justify;\">&#8220;La Rep\u00fablica \u00c1rabe Siria condena en\u00e9rgicamente las acusaciones fabricadas tramadas por &#8220;Israel&#8221;, la administraci\u00f3n estadounidense, Breta\u00f1a y algunos gobiernos occidentales y que forman parte de la embestida sistem\u00e1tica contra la Rep\u00fablica Isl\u00e1mica de Ir\u00e1n\u201d, afirm\u00f3 una fuente del Ministerio de Exteriores y Expatriados de Siria.<\/p>\n<p style=\"text-align: justify;\">A\u00f1adi\u00f3 que Siria ratifica su solidaridad y apoyo a Ir\u00e1n ante estas falsas acusaciones, y conf\u00eda en la capacidad de Teher\u00e1n para frustrar estos ataques por parte de EE. UU y Occidente.<\/p>\n<p style=\"text-align: justify;\">Estas denuncias no tendr\u00e1n ning\u00fan impacto en las posiciones nacionales de Ir\u00e1n y su papel constructivo en el mantenimiento de la estabilidad en la regi\u00f3n frente a las pol\u00edticas de Occidente y la entidad sionista que pretenden causar disturbios y crear tensiones en la regi\u00f3n, concluy\u00f3 Canciller\u00eda su nota.<\/p>\n<p style=\"text-align: justify;\"><span style=\"color: #0000ff;\"><strong>sm\/fm<\/strong><\/span><\/p>\n","protected":false},"excerpt":{"rendered":"<p>Damasco, SANA Siria conden\u00f3 en\u00e9rgicamente las acusaciones fabricadas por &#8220;Israel&#8221;, EE.UU y algunos pa\u00edses occidentales contra la Rep\u00fablica Isl\u00e1mica de Ir\u00e1n, y ratific\u00f3 su solidaridad y apoyo a esta naci\u00f3n ante esta campa\u00f1a hist\u00e9rica y falsas acusaciones. &#8220;La Rep\u00fablica \u00c1rabe Siria condena en\u00e9rgicamente las acusaciones fabricadas tramadas por &#8220;Israel&#8221;, la administraci\u00f3n estadounidense, Breta\u00f1a y algunos &hellip;<\/p>\n","protected":false},"author":39,"featured_media":191943,"comment_status":"closed","ping_status":"closed","sticky":false,"template":"","format":"standard","meta":{"footnotes":""},"categories":[597,583],"tags":[],"class_list":["post-191942","post","type-post","status-publish","format-standard","has-post-thumbnail","","category-cinta-de-noticias","category-slide"],"_links":{"self":[{"href":"https:\/\/archive.sana.sy\/es\/index.php?rest_route=\/wp\/v2\/posts\/191942"}],"collection":[{"href":"https:\/\/archive.sana.sy\/es\/index.php?rest_route=\/wp\/v2\/posts"}],"about":[{"href":"https:\/\/archive.sana.sy\/es\/index.php?rest_route=\/wp\/v2\/types\/post"}],"author":[{"embeddable":true,"href":"https:\/\/archive.sana.sy\/es\/index.php?rest_route=\/wp\/v2\/users\/39"}],"replies":[{"embeddable":true,"href":"https:\/\/archive.sana.sy\/es\/index.php?rest_route=%2Fwp%2Fv2%2Fcomments&post=191942"}],"version-history":[{"count":0,"href":"https:\/\/archive.sana.sy\/es\/index.php?rest_route=\/wp\/v2\/posts\/191942\/revisions"}],"wp:featuredmedia":[{"embeddable":true,"href":"https:\/\/archive.sana.sy\/es\/index.php?rest_route=\/wp\/v2\/media\/191943"}],"wp:attachment":[{"href":"https:\/\/archive.sana.sy\/es\/index.php?rest_route=%2Fwp%2Fv2%2Fmedia&parent=191942"}],"wp:term":[{"taxonomy":"category","embeddable":true,"href":"https:\/\/archive.sana.sy\/es\/index.php?rest_route=%2Fwp%2Fv2%2Fcategories&post=191942"},{"taxonomy":"post_tag","embeddable":true,"href":"https:\/\/archive.sana.sy\/es\/index.php?rest_route=%2Fwp%2Fv2%2Ftags&post=191942"}],"curies":[{"name":"wp","href":"https:\/\/api.w.org\/{rel}","templated":true}]}}