{"id":191955,"date":"2021-08-07T16:44:15","date_gmt":"2021-08-07T13:44:15","guid":{"rendered":"http:\/\/107.6.182.27\/es\/?p=191955"},"modified":"2023-01-09T14:05:26","modified_gmt":"2023-01-09T12:05:26","slug":"indultados-400-armados-que-se-entregaron-a-las-autoridades-competentes-en-deir-ezzor","status":"publish","type":"post","link":"https:\/\/archive.sana.sy\/es\/?p=191955","title":{"rendered":"Indultados 400 armados que se entregaron a las autoridades competentes en Deir Ezzor"},"content":{"rendered":"<p style=\"text-align: justify;\"><span style=\"color: #800000;\"><strong>Deir Ezzor, SANA<\/strong><\/span><\/p>\n<p style=\"text-align: justify;\">Como fruto de las reconciliaciones nacionales y gracias a la cooperaci\u00f3n con los actores de la sociedad civil, fueron indultados 400 armados de la provincia oriental Deir Ezzor que se implicaron en cr\u00edmenes de magnicidio.<\/p>\n<p style=\"text-align: justify;\">Se normaliz\u00f3 el estatus jur\u00eddico de esas personas en virtud de los decretos de amnist\u00eda y las leyes vigentes.<\/p>\n<p style=\"text-align: justify;\">\u201cEste paso confirma el inter\u00e9s del Estado sirio por recuperar y acoger a todos sus hijos\u201d, declar\u00f3 a SANA el Sheikh Abdullah Al-Shalash, del Centro de Reconciliaci\u00f3n Nacional en Deir Ezzor.<\/p>\n<p style=\"text-align: justify;\">Hizo un llamado a todos aquellos que fueron enga\u00f1ados para que se entreguen y vuelvan a normalidad y contribuyan a la reconstrucci\u00f3n del pa\u00eds.<\/p>\n<div id='gallery-1' class='gallery galleryid-191955 gallery-columns-1 gallery-size-full'><figure class='gallery-item'>\n\t\t\t<div class='gallery-icon landscape'>\n\t\t\t\t<a href='https:\/\/archive.sana.sy\/es\/?attachment_id=191957'><img loading=\"lazy\" decoding=\"async\" width=\"660\" height=\"370\" src=\"https:\/\/archive.sana.sy\/es\/wp-content\/uploads\/2021\/08\/1-145.jpg\" class=\"attachment-full size-full\" alt=\"\" srcset=\"https:\/\/archive.sana.sy\/es\/wp-content\/uploads\/2021\/08\/1-145.jpg 660w, https:\/\/archive.sana.sy\/es\/wp-content\/uploads\/2021\/08\/1-145-300x168.jpg 300w, https:\/\/archive.sana.sy\/es\/wp-content\/uploads\/2021\/08\/1-145-150x84.jpg 150w\" sizes=\"(max-width: 660px) 100vw, 660px\" \/><\/a>\n\t\t\t<\/div><\/figure><figure class='gallery-item'>\n\t\t\t<div class='gallery-icon landscape'>\n\t\t\t\t<a href='https:\/\/archive.sana.sy\/es\/?attachment_id=191958'><img loading=\"lazy\" decoding=\"async\" width=\"660\" height=\"379\" src=\"https:\/\/archive.sana.sy\/es\/wp-content\/uploads\/2021\/08\/3-86.jpg\" class=\"attachment-full size-full\" alt=\"\" srcset=\"https:\/\/archive.sana.sy\/es\/wp-content\/uploads\/2021\/08\/3-86.jpg 660w, https:\/\/archive.sana.sy\/es\/wp-content\/uploads\/2021\/08\/3-86-300x172.jpg 300w, https:\/\/archive.sana.sy\/es\/wp-content\/uploads\/2021\/08\/3-86-150x86.jpg 150w\" sizes=\"(max-width: 660px) 100vw, 660px\" \/><\/a>\n\t\t\t<\/div><\/figure>\n\t\t<\/div>\n\n<p style=\"text-align: justify;\"><span style=\"color: #0000ff;\"><strong>sm\/fm<\/strong><\/span><\/p>\n","protected":false},"excerpt":{"rendered":"<p>Deir Ezzor, SANA Como fruto de las reconciliaciones nacionales y gracias a la cooperaci\u00f3n con los actores de la sociedad civil, fueron indultados 400 armados de la provincia oriental Deir Ezzor que se implicaron en cr\u00edmenes de magnicidio. Se normaliz\u00f3 el estatus jur\u00eddico de esas personas en virtud de los decretos de amnist\u00eda y las &hellip;<\/p>\n","protected":false},"author":39,"featured_media":191956,"comment_status":"closed","ping_status":"closed","sticky":false,"template":"","format":"standard","meta":{"footnotes":""},"categories":[477,597,573,476,7541],"tags":[],"class_list":["post-191955","post","type-post","status-publish","format-standard","has-post-thumbnail","","category-noticias-edulcorantes","category-cinta-de-noticias","category-la-realidad-de-los-acontecimientos-en-siria","category-locales","category-ultimas-noticias"],"_links":{"self":[{"href":"https:\/\/archive.sana.sy\/es\/index.php?rest_route=\/wp\/v2\/posts\/191955"}],"collection":[{"href":"https:\/\/archive.sana.sy\/es\/index.php?rest_route=\/wp\/v2\/posts"}],"about":[{"href":"https:\/\/archive.sana.sy\/es\/index.php?rest_route=\/wp\/v2\/types\/post"}],"author":[{"embeddable":true,"href":"https:\/\/archive.sana.sy\/es\/index.php?rest_route=\/wp\/v2\/users\/39"}],"replies":[{"embeddable":true,"href":"https:\/\/archive.sana.sy\/es\/index.php?rest_route=%2Fwp%2Fv2%2Fcomments&post=191955"}],"version-history":[{"count":0,"href":"https:\/\/archive.sana.sy\/es\/index.php?rest_route=\/wp\/v2\/posts\/191955\/revisions"}],"wp:featuredmedia":[{"embeddable":true,"href":"https:\/\/archive.sana.sy\/es\/index.php?rest_route=\/wp\/v2\/media\/191956"}],"wp:attachment":[{"href":"https:\/\/archive.sana.sy\/es\/index.php?rest_route=%2Fwp%2Fv2%2Fmedia&parent=191955"}],"wp:term":[{"taxonomy":"category","embeddable":true,"href":"https:\/\/archive.sana.sy\/es\/index.php?rest_route=%2Fwp%2Fv2%2Fcategories&post=191955"},{"taxonomy":"post_tag","embeddable":true,"href":"https:\/\/archive.sana.sy\/es\/index.php?rest_route=%2Fwp%2Fv2%2Ftags&post=191955"}],"curies":[{"name":"wp","href":"https:\/\/api.w.org\/{rel}","templated":true}]}}