{"id":191982,"date":"2021-08-07T15:30:53","date_gmt":"2021-08-07T12:30:53","guid":{"rendered":"http:\/\/107.6.182.27\/es\/?p=191982"},"modified":"2023-01-12T14:40:39","modified_gmt":"2023-01-12T12:40:39","slug":"fuerzas-iraquies-eliminan-a-terroristas-del-daesh-en-diala","status":"publish","type":"post","link":"https:\/\/archive.sana.sy\/es\/?p=191982","title":{"rendered":"Fuerzas iraqu\u00edes eliminan a terroristas del Daesh en Diala"},"content":{"rendered":"<p style=\"text-align: justify;\"><span style=\"color: #800000;\"><strong>Bagdad, SANA<\/strong><\/span><\/p>\n<p style=\"text-align: justify;\">Las fuerzas iraqu\u00edes eliminaron a varios terroristas del \u201cDaesh\u201d despu\u00e9s de atacar sus escondites en la gobernaci\u00f3n de Diala, en el este de Irak.<\/p>\n<p style=\"text-align: justify;\">\u201cEl ataque contra un escondite y un coche pertenecientes al grupo terrorista \u201cDaesh\u201d en Diala, provoc\u00f3 la muerte y lesi\u00f3n de varios fan\u00e1ticos, adem\u00e1s de destruir el escondite &#8220;, inform\u00f3 el sitio Alsumaria News citando a la Direcci\u00f3n de Inteligencia Militar Iraqu\u00ed.<\/p>\n<p style=\"text-align: justify;\">Las tropas iraqu\u00edes contin\u00faan persiguiendo a los remanentes de terroristas en varias regiones del pa\u00eds.<\/p>\n<p style=\"text-align: justify;\"><span style=\"color: #0000ff;\"><strong>sm\/fm<\/strong><\/span><\/p>\n","protected":false},"excerpt":{"rendered":"<p>Bagdad, SANA Las fuerzas iraqu\u00edes eliminaron a varios terroristas del \u201cDaesh\u201d despu\u00e9s de atacar sus escondites en la gobernaci\u00f3n de Diala, en el este de Irak. \u201cEl ataque contra un escondite y un coche pertenecientes al grupo terrorista \u201cDaesh\u201d en Diala, provoc\u00f3 la muerte y lesi\u00f3n de varios fan\u00e1ticos, adem\u00e1s de destruir el escondite &#8220;, &hellip;<\/p>\n","protected":false},"author":39,"featured_media":191983,"comment_status":"closed","ping_status":"closed","sticky":false,"template":"","format":"standard","meta":{"footnotes":""},"categories":[597,456],"tags":[],"class_list":["post-191982","post","type-post","status-publish","format-standard","has-post-thumbnail","","category-cinta-de-noticias","category-arabe-internacional-politica"],"_links":{"self":[{"href":"https:\/\/archive.sana.sy\/es\/index.php?rest_route=\/wp\/v2\/posts\/191982"}],"collection":[{"href":"https:\/\/archive.sana.sy\/es\/index.php?rest_route=\/wp\/v2\/posts"}],"about":[{"href":"https:\/\/archive.sana.sy\/es\/index.php?rest_route=\/wp\/v2\/types\/post"}],"author":[{"embeddable":true,"href":"https:\/\/archive.sana.sy\/es\/index.php?rest_route=\/wp\/v2\/users\/39"}],"replies":[{"embeddable":true,"href":"https:\/\/archive.sana.sy\/es\/index.php?rest_route=%2Fwp%2Fv2%2Fcomments&post=191982"}],"version-history":[{"count":0,"href":"https:\/\/archive.sana.sy\/es\/index.php?rest_route=\/wp\/v2\/posts\/191982\/revisions"}],"wp:featuredmedia":[{"embeddable":true,"href":"https:\/\/archive.sana.sy\/es\/index.php?rest_route=\/wp\/v2\/media\/191983"}],"wp:attachment":[{"href":"https:\/\/archive.sana.sy\/es\/index.php?rest_route=%2Fwp%2Fv2%2Fmedia&parent=191982"}],"wp:term":[{"taxonomy":"category","embeddable":true,"href":"https:\/\/archive.sana.sy\/es\/index.php?rest_route=%2Fwp%2Fv2%2Fcategories&post=191982"},{"taxonomy":"post_tag","embeddable":true,"href":"https:\/\/archive.sana.sy\/es\/index.php?rest_route=%2Fwp%2Fv2%2Ftags&post=191982"}],"curies":[{"name":"wp","href":"https:\/\/api.w.org\/{rel}","templated":true}]}}