{"id":192011,"date":"2021-08-07T21:27:10","date_gmt":"2021-08-07T18:27:10","guid":{"rendered":"http:\/\/107.6.182.27\/es\/?p=192011"},"modified":"2021-08-07T21:27:10","modified_gmt":"2021-08-07T18:27:10","slug":"union-interparlamentaria-arabe-condena-practicas-agresivas-de-turquia-contra-siria","status":"publish","type":"post","link":"https:\/\/archive.sana.sy\/es\/?p=192011","title":{"rendered":"Uni\u00f3n Interparlamentaria \u00c1rabe condena pr\u00e1cticas agresivas de Turqu\u00eda contra Siria"},"content":{"rendered":"<p><span style=\"color: #800000;\">Damasco, SANA<\/span><\/p>\n<p style=\"text-align: justify;\">La Uni\u00f3n Interparlamentaria \u00c1rabe conden\u00f3 las continuas pr\u00e1cticas agresivas del r\u00e9gimen turco contra Siria, especialmente las acciones deliberadas y repetidas de cortar el suministro de agua a la provincia siria de Hasakeh.<\/p>\n<p style=\"text-align: justify;\">\u201cExpresamos nuestra profunda preocupaci\u00f3n por las pr\u00e1cticas hostiles turcas contra el hermano pueblo sirio en las regiones vecinas con Turqu\u00eda, especialmente cortar el agua potable sobre Hasakeh cuya poblaci\u00f3n atraviesa dif\u00edciles condiciones de salud debido a la pandemia de Covid-19, a\u00f1\u00e1dele el aumento sin precedentes de las temperaturas&#8221;, afirm\u00f3 la Uni\u00f3n en una declaraci\u00f3n emitida hoy.<\/p>\n<p style=\"text-align: justify;\">El comunicado tach\u00f3 de inhumano el comportamiento de Turqu\u00eda que llev\u00f3 a consecuencias catastr\u00f3ficas sobre m\u00e1s de un mill\u00f3n de civiles inocentes que ahora est\u00e1n privados de su derecho humano y leg\u00edtimo de tener acceso al agua potable.<\/p>\n<p style=\"text-align: justify;\">La nota llam\u00f3 al r\u00e9gimen turco a respetar las relaciones y los principios de buena vecindad y poner fin definitivamente a estas acciones que representan una violaci\u00f3n de los derechos humanos y de los principios del derecho internacional humanitario.<\/p>\n<p style=\"text-align: justify;\">Asimismo, la Uni\u00f3n Interparlamentaria \u00c1rabe llam\u00f3 la comunidad internacional a intervenir de inmediato para poner fin a esta tragedia humana.<\/p>\n<p><span style=\"color: #0000ff;\">fm\/rr<\/span><\/p>\n","protected":false},"excerpt":{"rendered":"<p>Damasco, SANA La Uni\u00f3n Interparlamentaria \u00c1rabe conden\u00f3 las continuas pr\u00e1cticas agresivas del r\u00e9gimen turco contra Siria, especialmente las acciones deliberadas y repetidas de cortar el suministro de agua a la provincia siria de Hasakeh. \u201cExpresamos nuestra profunda preocupaci\u00f3n por las pr\u00e1cticas hostiles turcas contra el hermano pueblo sirio en las regiones vecinas con Turqu\u00eda, especialmente &hellip;<\/p>\n","protected":false},"author":31,"featured_media":192012,"comment_status":"closed","ping_status":"closed","sticky":false,"template":"","format":"standard","meta":{"footnotes":""},"categories":[597,467,7541],"tags":[],"class_list":["post-192011","post","type-post","status-publish","format-standard","has-post-thumbnail","","category-cinta-de-noticias","category-siria-y-el-mundo","category-ultimas-noticias"],"_links":{"self":[{"href":"https:\/\/archive.sana.sy\/es\/index.php?rest_route=\/wp\/v2\/posts\/192011"}],"collection":[{"href":"https:\/\/archive.sana.sy\/es\/index.php?rest_route=\/wp\/v2\/posts"}],"about":[{"href":"https:\/\/archive.sana.sy\/es\/index.php?rest_route=\/wp\/v2\/types\/post"}],"author":[{"embeddable":true,"href":"https:\/\/archive.sana.sy\/es\/index.php?rest_route=\/wp\/v2\/users\/31"}],"replies":[{"embeddable":true,"href":"https:\/\/archive.sana.sy\/es\/index.php?rest_route=%2Fwp%2Fv2%2Fcomments&post=192011"}],"version-history":[{"count":0,"href":"https:\/\/archive.sana.sy\/es\/index.php?rest_route=\/wp\/v2\/posts\/192011\/revisions"}],"wp:featuredmedia":[{"embeddable":true,"href":"https:\/\/archive.sana.sy\/es\/index.php?rest_route=\/wp\/v2\/media\/192012"}],"wp:attachment":[{"href":"https:\/\/archive.sana.sy\/es\/index.php?rest_route=%2Fwp%2Fv2%2Fmedia&parent=192011"}],"wp:term":[{"taxonomy":"category","embeddable":true,"href":"https:\/\/archive.sana.sy\/es\/index.php?rest_route=%2Fwp%2Fv2%2Fcategories&post=192011"},{"taxonomy":"post_tag","embeddable":true,"href":"https:\/\/archive.sana.sy\/es\/index.php?rest_route=%2Fwp%2Fv2%2Ftags&post=192011"}],"curies":[{"name":"wp","href":"https:\/\/api.w.org\/{rel}","templated":true}]}}