{"id":192016,"date":"2021-08-07T20:15:40","date_gmt":"2021-08-07T17:15:40","guid":{"rendered":"http:\/\/107.6.182.27\/es\/?p=192016"},"modified":"2021-08-07T21:59:43","modified_gmt":"2021-08-07T18:59:43","slug":"cohetes-disparados-por-terroristas-provocan-incendios-en-joreen-hama","status":"publish","type":"post","link":"https:\/\/archive.sana.sy\/es\/?p=192016","title":{"rendered":"Cohetes disparados por terroristas provocan incendios en Joreen, Hama"},"content":{"rendered":"<p><span style=\"color: #800000;\">Hama, SANA<\/span><\/p>\n<p style=\"text-align: justify;\">Las organizaciones terroristas presentes el noroeste de la provincia de Idleb atacaron este s\u00e1bado con cohetes la localidad de Joreen en el oeste de la provincia central de Hama.<\/p>\n<p style=\"text-align: justify;\">El corresponsal de SANA inform\u00f3 que varios proyectiles cayeron en los alrededores de mencionada localidad, provocando incendios en zonas forestales en los montes cercanos.<\/p>\n<p style=\"text-align: justify;\">Los bomberos trabajan actualmente para apagar el fuego, en cooperaci\u00f3n con las unidades del Ej\u00e9rcito \u00c1rabe Sirio.<\/p>\n<p><span style=\"color: #0000ff;\">rr\/fm<\/span><\/p>\n","protected":false},"excerpt":{"rendered":"<p>Hama, SANA Las organizaciones terroristas presentes el noroeste de la provincia de Idleb atacaron este s\u00e1bado con cohetes la localidad de Joreen en el oeste de la provincia central de Hama. El corresponsal de SANA inform\u00f3 que varios proyectiles cayeron en los alrededores de mencionada localidad, provocando incendios en zonas forestales en los montes cercanos. &hellip;<\/p>\n","protected":false},"author":31,"featured_media":192018,"comment_status":"closed","ping_status":"closed","sticky":false,"template":"","format":"standard","meta":{"footnotes":""},"categories":[597,573,7541],"tags":[],"class_list":["post-192016","post","type-post","status-publish","format-standard","has-post-thumbnail","","category-cinta-de-noticias","category-la-realidad-de-los-acontecimientos-en-siria","category-ultimas-noticias"],"_links":{"self":[{"href":"https:\/\/archive.sana.sy\/es\/index.php?rest_route=\/wp\/v2\/posts\/192016"}],"collection":[{"href":"https:\/\/archive.sana.sy\/es\/index.php?rest_route=\/wp\/v2\/posts"}],"about":[{"href":"https:\/\/archive.sana.sy\/es\/index.php?rest_route=\/wp\/v2\/types\/post"}],"author":[{"embeddable":true,"href":"https:\/\/archive.sana.sy\/es\/index.php?rest_route=\/wp\/v2\/users\/31"}],"replies":[{"embeddable":true,"href":"https:\/\/archive.sana.sy\/es\/index.php?rest_route=%2Fwp%2Fv2%2Fcomments&post=192016"}],"version-history":[{"count":0,"href":"https:\/\/archive.sana.sy\/es\/index.php?rest_route=\/wp\/v2\/posts\/192016\/revisions"}],"wp:featuredmedia":[{"embeddable":true,"href":"https:\/\/archive.sana.sy\/es\/index.php?rest_route=\/wp\/v2\/media\/192018"}],"wp:attachment":[{"href":"https:\/\/archive.sana.sy\/es\/index.php?rest_route=%2Fwp%2Fv2%2Fmedia&parent=192016"}],"wp:term":[{"taxonomy":"category","embeddable":true,"href":"https:\/\/archive.sana.sy\/es\/index.php?rest_route=%2Fwp%2Fv2%2Fcategories&post=192016"},{"taxonomy":"post_tag","embeddable":true,"href":"https:\/\/archive.sana.sy\/es\/index.php?rest_route=%2Fwp%2Fv2%2Ftags&post=192016"}],"curies":[{"name":"wp","href":"https:\/\/api.w.org\/{rel}","templated":true}]}}