{"id":192017,"date":"2021-08-07T22:01:06","date_gmt":"2021-08-07T19:01:06","guid":{"rendered":"http:\/\/107.6.182.27\/es\/?p=192017"},"modified":"2023-01-10T15:13:51","modified_gmt":"2023-01-10T13:13:51","slug":"en-fotos-gigante-turbina-de-gas-llega-al-sitio-del-proyecto-de-central-electrica-en-latakia-fotos","status":"publish","type":"post","link":"https:\/\/archive.sana.sy\/es\/?p=192017","title":{"rendered":"En fotos: gigante turbina de gas llega al sitio del proyecto de central el\u00e9ctrica en Latakia (+ fotos)"},"content":{"rendered":"<p style=\"text-align: justify;\"><strong><span style=\"color: #800000;\">Latakia, SANA<\/span><\/strong><\/p>\n<p style=\"text-align: justify;\">El gerente del proyecto de la central el\u00e9ctrica de Rasteen en Latakia, \u00a0Nazir Danoura, confirm\u00f3 la llegada de la primera turbina de gas al sitio del proyecto.<\/p>\n<p style=\"text-align: justify;\">Danoura explic\u00f3 al corresponsal de SANA que esta turbina forma parte del tercer \u00a0lote de equipos pesados que llegaron al sitio.<\/p>\n<p style=\"text-align: justify;\">La capacidad de la central ser\u00e1 de 526 megavatios y podr\u00eda ascender a mil 52 megavatios en caso de su ampliaci\u00f3n.<\/p>\n<p style=\"text-align: justify;\">El proyecto incluye la construcci\u00f3n de un gasoducto de 60 km de longitud desde la ciudad portuaria de Banias hasta el sitio de la central.<\/p>\n<p style=\"text-align: justify;\">La tasa total de ejecuci\u00f3n del proyecto ascendi\u00f3 a alrededor del 50 por ciento.<\/p>\n<p style=\"text-align: justify;\"><span style=\"color: #0000ff;\">fm<\/span><\/p>\n<div id='gallery-1' class='gallery galleryid-192017 gallery-columns-1 gallery-size-full'><figure class='gallery-item'>\n\t\t\t<div class='gallery-icon landscape'>\n\t\t\t\t<a href='https:\/\/archive.sana.sy\/es\/wp-content\/uploads\/2021\/08\/photo_2021-08-07_21-18-22-2.jpg'><img loading=\"lazy\" decoding=\"async\" width=\"1280\" height=\"959\" src=\"https:\/\/archive.sana.sy\/es\/wp-content\/uploads\/2021\/08\/photo_2021-08-07_21-18-22-2.jpg\" class=\"attachment-full size-full\" alt=\"\" srcset=\"https:\/\/archive.sana.sy\/es\/wp-content\/uploads\/2021\/08\/photo_2021-08-07_21-18-22-2.jpg 1280w, https:\/\/archive.sana.sy\/es\/wp-content\/uploads\/2021\/08\/photo_2021-08-07_21-18-22-2-300x225.jpg 300w, https:\/\/archive.sana.sy\/es\/wp-content\/uploads\/2021\/08\/photo_2021-08-07_21-18-22-2-1024x767.jpg 1024w, https:\/\/archive.sana.sy\/es\/wp-content\/uploads\/2021\/08\/photo_2021-08-07_21-18-22-2-150x112.jpg 150w, https:\/\/archive.sana.sy\/es\/wp-content\/uploads\/2021\/08\/photo_2021-08-07_21-18-22-2-768x575.jpg 768w\" sizes=\"(max-width: 1280px) 100vw, 1280px\" \/><\/a>\n\t\t\t<\/div><\/figure><figure class='gallery-item'>\n\t\t\t<div class='gallery-icon landscape'>\n\t\t\t\t<a href='https:\/\/archive.sana.sy\/es\/wp-content\/uploads\/2021\/08\/photo_2021-08-07_21-18-22-3.jpg'><img loading=\"lazy\" decoding=\"async\" width=\"1280\" height=\"959\" src=\"https:\/\/archive.sana.sy\/es\/wp-content\/uploads\/2021\/08\/photo_2021-08-07_21-18-22-3.jpg\" class=\"attachment-full size-full\" alt=\"\" srcset=\"https:\/\/archive.sana.sy\/es\/wp-content\/uploads\/2021\/08\/photo_2021-08-07_21-18-22-3.jpg 1280w, https:\/\/archive.sana.sy\/es\/wp-content\/uploads\/2021\/08\/photo_2021-08-07_21-18-22-3-300x225.jpg 300w, https:\/\/archive.sana.sy\/es\/wp-content\/uploads\/2021\/08\/photo_2021-08-07_21-18-22-3-1024x767.jpg 1024w, https:\/\/archive.sana.sy\/es\/wp-content\/uploads\/2021\/08\/photo_2021-08-07_21-18-22-3-150x112.jpg 150w, https:\/\/archive.sana.sy\/es\/wp-content\/uploads\/2021\/08\/photo_2021-08-07_21-18-22-3-768x575.jpg 768w\" sizes=\"(max-width: 1280px) 100vw, 1280px\" \/><\/a>\n\t\t\t<\/div><\/figure><figure class='gallery-item'>\n\t\t\t<div class='gallery-icon landscape'>\n\t\t\t\t<a href='https:\/\/archive.sana.sy\/es\/wp-content\/uploads\/2021\/08\/photo_2021-08-07_21-18-22.jpg'><img loading=\"lazy\" decoding=\"async\" width=\"1280\" height=\"959\" src=\"https:\/\/archive.sana.sy\/es\/wp-content\/uploads\/2021\/08\/photo_2021-08-07_21-18-22.jpg\" class=\"attachment-full size-full\" alt=\"\" srcset=\"https:\/\/archive.sana.sy\/es\/wp-content\/uploads\/2021\/08\/photo_2021-08-07_21-18-22.jpg 1280w, https:\/\/archive.sana.sy\/es\/wp-content\/uploads\/2021\/08\/photo_2021-08-07_21-18-22-300x225.jpg 300w, https:\/\/archive.sana.sy\/es\/wp-content\/uploads\/2021\/08\/photo_2021-08-07_21-18-22-1024x767.jpg 1024w, https:\/\/archive.sana.sy\/es\/wp-content\/uploads\/2021\/08\/photo_2021-08-07_21-18-22-150x112.jpg 150w, https:\/\/archive.sana.sy\/es\/wp-content\/uploads\/2021\/08\/photo_2021-08-07_21-18-22-768x575.jpg 768w\" sizes=\"(max-width: 1280px) 100vw, 1280px\" \/><\/a>\n\t\t\t<\/div><\/figure><figure class='gallery-item'>\n\t\t\t<div class='gallery-icon landscape'>\n\t\t\t\t<a href='https:\/\/archive.sana.sy\/es\/wp-content\/uploads\/2021\/08\/photo_2021-08-07_21-18-23.jpg'><img loading=\"lazy\" decoding=\"async\" width=\"1280\" height=\"959\" src=\"https:\/\/archive.sana.sy\/es\/wp-content\/uploads\/2021\/08\/photo_2021-08-07_21-18-23.jpg\" class=\"attachment-full size-full\" alt=\"\" srcset=\"https:\/\/archive.sana.sy\/es\/wp-content\/uploads\/2021\/08\/photo_2021-08-07_21-18-23.jpg 1280w, https:\/\/archive.sana.sy\/es\/wp-content\/uploads\/2021\/08\/photo_2021-08-07_21-18-23-300x225.jpg 300w, https:\/\/archive.sana.sy\/es\/wp-content\/uploads\/2021\/08\/photo_2021-08-07_21-18-23-1024x767.jpg 1024w, https:\/\/archive.sana.sy\/es\/wp-content\/uploads\/2021\/08\/photo_2021-08-07_21-18-23-150x112.jpg 150w, https:\/\/archive.sana.sy\/es\/wp-content\/uploads\/2021\/08\/photo_2021-08-07_21-18-23-768x575.jpg 768w\" sizes=\"(max-width: 1280px) 100vw, 1280px\" \/><\/a>\n\t\t\t<\/div><\/figure>\n\t\t<\/div>\n\n<p style=\"text-align: justify;\">\n","protected":false},"excerpt":{"rendered":"<p>Latakia, SANA El gerente del proyecto de la central el\u00e9ctrica de Rasteen en Latakia, \u00a0Nazir Danoura, confirm\u00f3 la llegada de la primera turbina de gas al sitio del proyecto. Danoura explic\u00f3 al corresponsal de SANA que esta turbina forma parte del tercer \u00a0lote de equipos pesados que llegaron al sitio. La capacidad de la central &hellip;<\/p>\n","protected":false},"author":34,"featured_media":192025,"comment_status":"closed","ping_status":"closed","sticky":false,"template":"","format":"standard","meta":{"footnotes":""},"categories":[447,477,597,16686,485,476,7541],"tags":[],"class_list":["post-192017","post","type-post","status-publish","format-standard","has-post-thumbnail","","category-local-politica","category-noticias-edulcorantes","category-cinta-de-noticias","category-economia","category-informes-negocios-y-finanzas","category-locales","category-ultimas-noticias"],"_links":{"self":[{"href":"https:\/\/archive.sana.sy\/es\/index.php?rest_route=\/wp\/v2\/posts\/192017"}],"collection":[{"href":"https:\/\/archive.sana.sy\/es\/index.php?rest_route=\/wp\/v2\/posts"}],"about":[{"href":"https:\/\/archive.sana.sy\/es\/index.php?rest_route=\/wp\/v2\/types\/post"}],"author":[{"embeddable":true,"href":"https:\/\/archive.sana.sy\/es\/index.php?rest_route=\/wp\/v2\/users\/34"}],"replies":[{"embeddable":true,"href":"https:\/\/archive.sana.sy\/es\/index.php?rest_route=%2Fwp%2Fv2%2Fcomments&post=192017"}],"version-history":[{"count":0,"href":"https:\/\/archive.sana.sy\/es\/index.php?rest_route=\/wp\/v2\/posts\/192017\/revisions"}],"wp:featuredmedia":[{"embeddable":true,"href":"https:\/\/archive.sana.sy\/es\/index.php?rest_route=\/wp\/v2\/media\/192025"}],"wp:attachment":[{"href":"https:\/\/archive.sana.sy\/es\/index.php?rest_route=%2Fwp%2Fv2%2Fmedia&parent=192017"}],"wp:term":[{"taxonomy":"category","embeddable":true,"href":"https:\/\/archive.sana.sy\/es\/index.php?rest_route=%2Fwp%2Fv2%2Fcategories&post=192017"},{"taxonomy":"post_tag","embeddable":true,"href":"https:\/\/archive.sana.sy\/es\/index.php?rest_route=%2Fwp%2Fv2%2Ftags&post=192017"}],"curies":[{"name":"wp","href":"https:\/\/api.w.org\/{rel}","templated":true}]}}