{"id":192077,"date":"2021-08-08T15:20:56","date_gmt":"2021-08-08T12:20:56","guid":{"rendered":"http:\/\/107.6.182.27\/es\/?p=192077"},"modified":"2023-01-10T14:27:08","modified_gmt":"2023-01-10T12:27:08","slug":"ocupante-turco-bombardea-la-aldea-de-al-hoshariah-en-provincia-siria-de-alepo","status":"publish","type":"post","link":"https:\/\/archive.sana.sy\/es\/?p=192077","title":{"rendered":"Ocupante turco bombardea la aldea de al-Hoshariah en provincia siria de Alepo"},"content":{"rendered":"<p style=\"text-align: justify;\"><span style=\"color: #800000;\"><strong>Alepo, SANA<\/strong><\/span><\/p>\n<p style=\"text-align: justify;\">Las fuerzas de ocupaci\u00f3n turcas y sus mercenarios atacaron con proyectiles de artiller\u00eda a los civiles y sus propiedades en varias \u00e1reas del norte de Alepo.<\/p>\n<p style=\"text-align: justify;\">Activistas locales comunicaron al corresponsal de SANA que m\u00e1s de 12 proyectiles de artiller\u00eda disparados por las tropas de ocupaci\u00f3n turcas impactaron en la aldea de al- Hoshariah, al noreste de la ciudad de Manbij situada en el campo norte\u00f1o de Alepo.<\/p>\n<p style=\"text-align: justify;\">Los ataques causaron da\u00f1os materiales en las casas y campos agr\u00edcolas de los lugare\u00f1os, agregaron las fuentes.<\/p>\n<p style=\"text-align: justify;\"><strong><span style=\"color: #0000ff;\">ed\/rsh<\/span><\/strong><\/p>\n","protected":false},"excerpt":{"rendered":"<p>Alepo, SANA Las fuerzas de ocupaci\u00f3n turcas y sus mercenarios atacaron con proyectiles de artiller\u00eda a los civiles y sus propiedades en varias \u00e1reas del norte de Alepo. Activistas locales comunicaron al corresponsal de SANA que m\u00e1s de 12 proyectiles de artiller\u00eda disparados por las tropas de ocupaci\u00f3n turcas impactaron en la aldea de al- &hellip;<\/p>\n","protected":false},"author":32,"featured_media":188136,"comment_status":"closed","ping_status":"closed","sticky":false,"template":"","format":"standard","meta":{"footnotes":""},"categories":[447,477,597,476,7541],"tags":[],"class_list":["post-192077","post","type-post","status-publish","format-standard","has-post-thumbnail","","category-local-politica","category-noticias-edulcorantes","category-cinta-de-noticias","category-locales","category-ultimas-noticias"],"_links":{"self":[{"href":"https:\/\/archive.sana.sy\/es\/index.php?rest_route=\/wp\/v2\/posts\/192077"}],"collection":[{"href":"https:\/\/archive.sana.sy\/es\/index.php?rest_route=\/wp\/v2\/posts"}],"about":[{"href":"https:\/\/archive.sana.sy\/es\/index.php?rest_route=\/wp\/v2\/types\/post"}],"author":[{"embeddable":true,"href":"https:\/\/archive.sana.sy\/es\/index.php?rest_route=\/wp\/v2\/users\/32"}],"replies":[{"embeddable":true,"href":"https:\/\/archive.sana.sy\/es\/index.php?rest_route=%2Fwp%2Fv2%2Fcomments&post=192077"}],"version-history":[{"count":0,"href":"https:\/\/archive.sana.sy\/es\/index.php?rest_route=\/wp\/v2\/posts\/192077\/revisions"}],"wp:featuredmedia":[{"embeddable":true,"href":"https:\/\/archive.sana.sy\/es\/index.php?rest_route=\/wp\/v2\/media\/188136"}],"wp:attachment":[{"href":"https:\/\/archive.sana.sy\/es\/index.php?rest_route=%2Fwp%2Fv2%2Fmedia&parent=192077"}],"wp:term":[{"taxonomy":"category","embeddable":true,"href":"https:\/\/archive.sana.sy\/es\/index.php?rest_route=%2Fwp%2Fv2%2Fcategories&post=192077"},{"taxonomy":"post_tag","embeddable":true,"href":"https:\/\/archive.sana.sy\/es\/index.php?rest_route=%2Fwp%2Fv2%2Ftags&post=192077"}],"curies":[{"name":"wp","href":"https:\/\/api.w.org\/{rel}","templated":true}]}}