{"id":192080,"date":"2021-08-08T17:31:05","date_gmt":"2021-08-08T14:31:05","guid":{"rendered":"http:\/\/107.6.182.27\/es\/?p=192080"},"modified":"2021-08-08T17:31:05","modified_gmt":"2021-08-08T14:31:05","slug":"connacionales-sirios-en-ucrania-celebran-dia-del-ejercito-arabe-sirio","status":"publish","type":"post","link":"https:\/\/archive.sana.sy\/es\/?p=192080","title":{"rendered":"Connacionales sirios en Ucrania celebran D\u00eda del Ej\u00e9rcito \u00c1rabe Sirio"},"content":{"rendered":"<p style=\"text-align: justify;\"><span style=\"color: #800000;\"><strong>Kiev, SANA<\/strong><\/span><\/p>\n<p style=\"text-align: justify;\">La comunidad siria en Ucrania celebr\u00f3 un evento cultural en Kiev para conmemorar el 76\u00ba aniversario del D\u00eda del Ej\u00e9rcito \u00c1rabe Sirio.<\/p>\n<p style=\"text-align: justify;\">El evento, patrocinado por el Consulado Honorario de Siria en Ucrania, incluy\u00f3 el estreno del documental &#8220;Sobre la Tierra&#8221; del director Somar Afif Agha, as\u00ed como una exposici\u00f3n colectiva de pinturas de un grupo de artistas pl\u00e1sticos sirios.<\/p>\n<p style=\"text-align: justify;\">En un discurso, el vicepresidente de la Asociaci\u00f3n de Amistad Ucraniano-Siria, Yrimenka Alexander Parisevich, llam\u00f3 a todos los pa\u00edses e instituciones internacionales a trabajar por levantar las medidas coercitivas unilaterales impuestas al pueblo sirio.<\/p>\n<p style=\"text-align: justify;\">Asimismo, reiter\u00f3 que la victoria de Siria contra el terrorismo est\u00e1 inminente elogiando los sacrificios de los h\u00e9roes del ej\u00e9rcito sirio al frustrar todos los planes de los enemigos.<\/p>\n<p style=\"text-align: justify;\">En nombre de la comunidad siria y su C\u00f3nsul Honorario en Ucrania Ali Isa, el Dr. Salem Hanoun, miembro de la direcci\u00f3n comunitaria, dijo que celebrar el D\u00eda del Ej\u00e9rcito \u00c1rabe Sirio es una expresi\u00f3n del orgullo de los expatriados sirios por los h\u00e9roes del ej\u00e9rcito y su triunfo contra todos los planes hostiles.<\/p>\n<p style=\"text-align: justify;\">\u201cParticipamos en el acto para transmitir un mensaje de amor, paz y la arraigada civilizaci\u00f3n siria a todos los pa\u00edses del mundo \u201c, dijo el escultor Afif Agha.<\/p>\n<p style=\"text-align: justify;\">Durante la celebraci\u00f3n, el director Somar Agha hizo una rese\u00f1a sobre el documental &#8220;Sobre la Tierra&#8221;, que presenta brillantes p\u00e1ginas de la historia siria llena de civilizaciones y originalidad, adem\u00e1s de rechazar toda la destrucci\u00f3n causada en muchas zonas del pa\u00eds, destacando su gran confianza en futuro gracias a los sirios leales.<\/p>\n<p style=\"text-align: justify;\"><span style=\"color: #0000ff;\"><strong>ah\/rsh<\/strong><\/span><\/p>\n<p>&nbsp;<\/p>\n","protected":false},"excerpt":{"rendered":"<p>Kiev, SANA La comunidad siria en Ucrania celebr\u00f3 un evento cultural en Kiev para conmemorar el 76\u00ba aniversario del D\u00eda del Ej\u00e9rcito \u00c1rabe Sirio. El evento, patrocinado por el Consulado Honorario de Siria en Ucrania, incluy\u00f3 el estreno del documental &#8220;Sobre la Tierra&#8221; del director Somar Afif Agha, as\u00ed como una exposici\u00f3n colectiva de pinturas &hellip;<\/p>\n","protected":false},"author":30,"featured_media":192081,"comment_status":"closed","ping_status":"closed","sticky":false,"template":"","format":"standard","meta":{"footnotes":""},"categories":[597,467,7541],"tags":[19353],"class_list":["post-192080","post","type-post","status-publish","format-standard","has-post-thumbnail","","category-cinta-de-noticias","category-siria-y-el-mundo","category-ultimas-noticias","tag-connacionales-sirios-en-ucrania-celebran-dia-del-ejercito-arabe-sirio"],"_links":{"self":[{"href":"https:\/\/archive.sana.sy\/es\/index.php?rest_route=\/wp\/v2\/posts\/192080"}],"collection":[{"href":"https:\/\/archive.sana.sy\/es\/index.php?rest_route=\/wp\/v2\/posts"}],"about":[{"href":"https:\/\/archive.sana.sy\/es\/index.php?rest_route=\/wp\/v2\/types\/post"}],"author":[{"embeddable":true,"href":"https:\/\/archive.sana.sy\/es\/index.php?rest_route=\/wp\/v2\/users\/30"}],"replies":[{"embeddable":true,"href":"https:\/\/archive.sana.sy\/es\/index.php?rest_route=%2Fwp%2Fv2%2Fcomments&post=192080"}],"version-history":[{"count":0,"href":"https:\/\/archive.sana.sy\/es\/index.php?rest_route=\/wp\/v2\/posts\/192080\/revisions"}],"wp:featuredmedia":[{"embeddable":true,"href":"https:\/\/archive.sana.sy\/es\/index.php?rest_route=\/wp\/v2\/media\/192081"}],"wp:attachment":[{"href":"https:\/\/archive.sana.sy\/es\/index.php?rest_route=%2Fwp%2Fv2%2Fmedia&parent=192080"}],"wp:term":[{"taxonomy":"category","embeddable":true,"href":"https:\/\/archive.sana.sy\/es\/index.php?rest_route=%2Fwp%2Fv2%2Fcategories&post=192080"},{"taxonomy":"post_tag","embeddable":true,"href":"https:\/\/archive.sana.sy\/es\/index.php?rest_route=%2Fwp%2Fv2%2Ftags&post=192080"}],"curies":[{"name":"wp","href":"https:\/\/api.w.org\/{rel}","templated":true}]}}