{"id":192092,"date":"2021-08-08T15:56:46","date_gmt":"2021-08-08T12:56:46","guid":{"rendered":"http:\/\/107.6.182.27\/es\/?p=192092"},"modified":"2021-08-08T17:58:12","modified_gmt":"2021-08-08T14:58:12","slug":"coordinan-esfuerzos-para-combatir-los-incendios-y-reducir-sus-danos-en-hama","status":"publish","type":"post","link":"https:\/\/archive.sana.sy\/es\/?p=192092","title":{"rendered":"Coordinan esfuerzos para combatir los incendios y reducir sus da\u00f1os en Hama"},"content":{"rendered":"<p style=\"text-align: justify;\"><span style=\"color: #800000;\"><strong>Hama, SANA<\/strong><\/span><\/p>\n<p style=\"text-align: justify;\">El Ministro de Administraci\u00f3n Local y Medio Ambiente del Gobierno en funciones, Hussein Makhlouf, celebr\u00f3 una reuni\u00f3n en la provincia central de Hama para debatir los incendios que est\u00e1n azotando la provincia \u00faltimamente.<\/p>\n<p style=\"text-align: justify;\">La reuni\u00f3n con las autoridades se centr\u00f3 en los mecanismos de respuesta r\u00e1pida para extinguir los incendios, prevenirlos, reducir sus p\u00e9rdidas e involucrar a las unidades administrativas en combatirlos.<\/p>\n<p style=\"text-align: justify;\">Makhlouf solicit\u00f3 la preparaci\u00f3n de un plan para prevenir los incendios y reducir sus consecuencias mediante la formaci\u00f3n de equipos de emergencia y comit\u00e9s centrales y subcomit\u00e9s para cada distrito en las zonas forestales para garantizar una r\u00e1pida intervenci\u00f3n y respuesta de emergencia a cualquier incendio.<\/p>\n<p style=\"text-align: justify;\">El gobernador de Hama, Mohammed Krishati, dijo que dos estaciones de monitoreo de incendios en Mesyaf y el valle de al-Ghab han sido aprobadas y activadas en lugares altos que permiten a los empleados ver y reportar los incendios de inmediato.<\/p>\n<p style=\"text-align: justify;\">Por su parte, el Coronel Thaer al-Hassan, comandante del Cuerpo de Bomberos de Hama, destac\u00f3 la importancia de formar c\u00e9lulas de extinci\u00f3n de incendios en diversas zonas, y resalt\u00f3 la necesidad de dotar al cuerpo de bomberos de personal adicional para cubrir toda la superficie de la provincia y combatir los incendios r\u00e1pidamente.<\/p>\n<p style=\"text-align: justify;\"><span style=\"color: #0000ff;\"><strong>ah\/rsh<\/strong><\/span><\/p>\n","protected":false},"excerpt":{"rendered":"<p>Hama, SANA El Ministro de Administraci\u00f3n Local y Medio Ambiente del Gobierno en funciones, Hussein Makhlouf, celebr\u00f3 una reuni\u00f3n en la provincia central de Hama para debatir los incendios que est\u00e1n azotando la provincia \u00faltimamente. La reuni\u00f3n con las autoridades se centr\u00f3 en los mecanismos de respuesta r\u00e1pida para extinguir los incendios, prevenirlos, reducir sus &hellip;<\/p>\n","protected":false},"author":30,"featured_media":192093,"comment_status":"closed","ping_status":"closed","sticky":false,"template":"","format":"standard","meta":{"footnotes":""},"categories":[597,476,7541],"tags":[19355],"class_list":["post-192092","post","type-post","status-publish","format-standard","has-post-thumbnail","","category-cinta-de-noticias","category-locales","category-ultimas-noticias","tag-coordinan-esfuerzos-para-combatir-los-incendios-y-reducir-sus-danos-en-hama"],"_links":{"self":[{"href":"https:\/\/archive.sana.sy\/es\/index.php?rest_route=\/wp\/v2\/posts\/192092"}],"collection":[{"href":"https:\/\/archive.sana.sy\/es\/index.php?rest_route=\/wp\/v2\/posts"}],"about":[{"href":"https:\/\/archive.sana.sy\/es\/index.php?rest_route=\/wp\/v2\/types\/post"}],"author":[{"embeddable":true,"href":"https:\/\/archive.sana.sy\/es\/index.php?rest_route=\/wp\/v2\/users\/30"}],"replies":[{"embeddable":true,"href":"https:\/\/archive.sana.sy\/es\/index.php?rest_route=%2Fwp%2Fv2%2Fcomments&post=192092"}],"version-history":[{"count":0,"href":"https:\/\/archive.sana.sy\/es\/index.php?rest_route=\/wp\/v2\/posts\/192092\/revisions"}],"wp:featuredmedia":[{"embeddable":true,"href":"https:\/\/archive.sana.sy\/es\/index.php?rest_route=\/wp\/v2\/media\/192093"}],"wp:attachment":[{"href":"https:\/\/archive.sana.sy\/es\/index.php?rest_route=%2Fwp%2Fv2%2Fmedia&parent=192092"}],"wp:term":[{"taxonomy":"category","embeddable":true,"href":"https:\/\/archive.sana.sy\/es\/index.php?rest_route=%2Fwp%2Fv2%2Fcategories&post=192092"},{"taxonomy":"post_tag","embeddable":true,"href":"https:\/\/archive.sana.sy\/es\/index.php?rest_route=%2Fwp%2Fv2%2Ftags&post=192092"}],"curies":[{"name":"wp","href":"https:\/\/api.w.org\/{rel}","templated":true}]}}