{"id":192095,"date":"2021-08-08T18:40:30","date_gmt":"2021-08-08T15:40:30","guid":{"rendered":"http:\/\/107.6.182.27\/es\/?p=192095"},"modified":"2021-08-09T09:00:10","modified_gmt":"2021-08-09T06:00:10","slug":"asociacion-de-veteranos-de-rusia-obsequia-a-siria-con-estatua-de-bronce-del-arqueologo-martir-khaled-al-asaad","status":"publish","type":"post","link":"https:\/\/archive.sana.sy\/es\/?p=192095","title":{"rendered":"Veteranos rusos obsequian a Siria busto de bronce del arque\u00f3logo m\u00e1rtir Khaled al-Asaad"},"content":{"rendered":"<p style=\"text-align: justify;\"><span style=\"color: #800000;\"><strong>Damasco, SANA<\/strong><\/span><\/p>\n<p style=\"text-align: justify;\">El Ministerio de Cultura de Siria recibi\u00f3 un busto de bronce del arque\u00f3logo e investigador m\u00e1rtir Khaled al-Asaad, el cual fue entregado por la Asociaci\u00f3n de Veteranos de Rusia como regalo conmemorativo en homenaje a una figura con gran aporte a la civilizaci\u00f3n de Siria.<\/p>\n<p style=\"text-align: justify;\">Lubana Mushawah, Ministra de Cultura del gobierno interino, describi\u00f3 la iniciativa, coordinada con la Uni\u00f3n de Escritores Rusos, de una encarnaci\u00f3n de la profunda amistad y cooperaci\u00f3n entre los dos pueblos y los altos mandos de los ej\u00e9rcitos de Siria y Rusia.<\/p>\n<p style=\"text-align: justify;\">\u201cAl-Asaad es un s\u00edmbolo de todos los sirios y es un h\u00e9roe que sufri\u00f3 mucho de la brutalidad de los criminales del Daesh que quisieron robar al pa\u00eds su identidad cultural y empa\u00f1ar su imagen e historia\u201d, dijo Mushawah.<\/p>\n<p style=\"text-align: justify;\">Explic\u00f3 que la frase grabada en la representaci\u00f3n \u201cLas palmas de Siria no se inclinan\u201d representa a todo el puebloy sus m\u00e1rtires, y agreg\u00f3 que &#8220;la estatua se colocar\u00e1 en un lugar especial en el Museo de Palmira.<\/p>\n<p style=\"text-align: justify;\">El Almirante Yafi Kavlish Kazlov de la Asociaci\u00f3n de Veteranos declar\u00f3 que \u201cla idea de presentar esta estatua se concret\u00f3 en la asociaci\u00f3n despu\u00e9s del martirio de al-Asaad que es uno de los muchos ca\u00eddos en Siria en defensa de su patrimonio\u201d.<\/p>\n<p style=\"text-align: justify;\">Kazlov consider\u00f3 que la estatua es una expresi\u00f3n de la resiliencia del pueblo sirio frente al terrorismo yconstituir\u00e1 incentivo para que las generaciones m\u00e1s j\u00f3venes aprendan las lecciones de patriotismo y preserven el patrimonio.<\/p>\n<p style=\"text-align: justify;\">Anatole Bergeski, secretario de la Uni\u00f3n de Escritores Rusos, explic\u00f3 que la idea de la estatua se remonta a 2018 y al-Asaad fue elegido porque su sacrificio es ejemplar.<\/p>\n<p style=\"text-align: justify;\">En un discurso en nombre de la familia del m\u00e1rtir durante la recepci\u00f3n de la estatua, el hermano de al-Assad, el General de Brigada Isa al-Asaad, agradeci\u00f3 a la delegaci\u00f3n rusa por su reconocimiento al patrimonio humano en Siria y expres\u00f3 todo el amor y aprecio por quienes llevaron a cabo esta distinguida labor.<\/p>\n<p style=\"text-align: justify;\">Khaled al-Asaad fue director de Antig\u00fcedades y Museos de Palmira y jefe por la parte siria en todas las misiones de excavaci\u00f3n que tuvieron lugar en la regi\u00f3n. Contribuy\u00f3 al descubrimiento de muchos sirios de Plamira como la calle recta, el templo Bel y muchos cementerios, y escribi\u00f3 40 libros sobre las antig\u00fcedades en Siria y el mundo.<\/p>\n<p style=\"text-align: justify;\"><span style=\"color: #0000ff;\"><strong>ah\/rsh<\/strong><\/span><\/p>\n<div id='gallery-1' class='gallery galleryid-192095 gallery-columns-1 gallery-size-full'><figure class='gallery-item'>\n\t\t\t<div class='gallery-icon landscape'>\n\t\t\t\t<a href='https:\/\/archive.sana.sy\/es\/wp-content\/uploads\/2021\/08\/DS2_6811-scaled.jpg'><img loading=\"lazy\" decoding=\"async\" width=\"2560\" height=\"1848\" src=\"https:\/\/archive.sana.sy\/es\/wp-content\/uploads\/2021\/08\/DS2_6811-scaled.jpg\" class=\"attachment-full size-full\" alt=\"\" srcset=\"https:\/\/archive.sana.sy\/es\/wp-content\/uploads\/2021\/08\/DS2_6811-scaled.jpg 2560w, https:\/\/archive.sana.sy\/es\/wp-content\/uploads\/2021\/08\/DS2_6811-300x217.jpg 300w, https:\/\/archive.sana.sy\/es\/wp-content\/uploads\/2021\/08\/DS2_6811-1024x739.jpg 1024w, https:\/\/archive.sana.sy\/es\/wp-content\/uploads\/2021\/08\/DS2_6811-150x108.jpg 150w, https:\/\/archive.sana.sy\/es\/wp-content\/uploads\/2021\/08\/DS2_6811-768x554.jpg 768w, https:\/\/archive.sana.sy\/es\/wp-content\/uploads\/2021\/08\/DS2_6811-1536x1109.jpg 1536w, https:\/\/archive.sana.sy\/es\/wp-content\/uploads\/2021\/08\/DS2_6811-2048x1478.jpg 2048w\" sizes=\"(max-width: 2560px) 100vw, 2560px\" \/><\/a>\n\t\t\t<\/div><\/figure><figure class='gallery-item'>\n\t\t\t<div class='gallery-icon landscape'>\n\t\t\t\t<a href='https:\/\/archive.sana.sy\/es\/wp-content\/uploads\/2021\/08\/DS2_6817-scaled.jpg'><img loading=\"lazy\" decoding=\"async\" width=\"2560\" height=\"1607\" src=\"https:\/\/archive.sana.sy\/es\/wp-content\/uploads\/2021\/08\/DS2_6817-scaled.jpg\" class=\"attachment-full size-full\" alt=\"\" srcset=\"https:\/\/archive.sana.sy\/es\/wp-content\/uploads\/2021\/08\/DS2_6817-scaled.jpg 2560w, https:\/\/archive.sana.sy\/es\/wp-content\/uploads\/2021\/08\/DS2_6817-300x188.jpg 300w, https:\/\/archive.sana.sy\/es\/wp-content\/uploads\/2021\/08\/DS2_6817-1024x643.jpg 1024w, https:\/\/archive.sana.sy\/es\/wp-content\/uploads\/2021\/08\/DS2_6817-150x94.jpg 150w, https:\/\/archive.sana.sy\/es\/wp-content\/uploads\/2021\/08\/DS2_6817-768x482.jpg 768w, https:\/\/archive.sana.sy\/es\/wp-content\/uploads\/2021\/08\/DS2_6817-1536x964.jpg 1536w, https:\/\/archive.sana.sy\/es\/wp-content\/uploads\/2021\/08\/DS2_6817-2048x1286.jpg 2048w\" sizes=\"(max-width: 2560px) 100vw, 2560px\" \/><\/a>\n\t\t\t<\/div><\/figure><figure class='gallery-item'>\n\t\t\t<div class='gallery-icon landscape'>\n\t\t\t\t<a href='https:\/\/archive.sana.sy\/es\/wp-content\/uploads\/2021\/08\/DS2_6837-scaled.jpg'><img loading=\"lazy\" decoding=\"async\" width=\"2560\" height=\"1700\" src=\"https:\/\/archive.sana.sy\/es\/wp-content\/uploads\/2021\/08\/DS2_6837-scaled.jpg\" class=\"attachment-full size-full\" alt=\"\" srcset=\"https:\/\/archive.sana.sy\/es\/wp-content\/uploads\/2021\/08\/DS2_6837-scaled.jpg 2560w, https:\/\/archive.sana.sy\/es\/wp-content\/uploads\/2021\/08\/DS2_6837-300x199.jpg 300w, https:\/\/archive.sana.sy\/es\/wp-content\/uploads\/2021\/08\/DS2_6837-1024x680.jpg 1024w, https:\/\/archive.sana.sy\/es\/wp-content\/uploads\/2021\/08\/DS2_6837-150x100.jpg 150w, https:\/\/archive.sana.sy\/es\/wp-content\/uploads\/2021\/08\/DS2_6837-768x510.jpg 768w, https:\/\/archive.sana.sy\/es\/wp-content\/uploads\/2021\/08\/DS2_6837-1536x1020.jpg 1536w, https:\/\/archive.sana.sy\/es\/wp-content\/uploads\/2021\/08\/DS2_6837-2048x1360.jpg 2048w, https:\/\/archive.sana.sy\/es\/wp-content\/uploads\/2021\/08\/DS2_6837-310x205.jpg 310w\" sizes=\"(max-width: 2560px) 100vw, 2560px\" \/><\/a>\n\t\t\t<\/div><\/figure><figure class='gallery-item'>\n\t\t\t<div class='gallery-icon landscape'>\n\t\t\t\t<a href='https:\/\/archive.sana.sy\/es\/wp-content\/uploads\/2021\/08\/DS2_6861-scaled.jpg'><img loading=\"lazy\" decoding=\"async\" width=\"2560\" height=\"1707\" src=\"https:\/\/archive.sana.sy\/es\/wp-content\/uploads\/2021\/08\/DS2_6861-scaled.jpg\" class=\"attachment-full size-full\" alt=\"\" srcset=\"https:\/\/archive.sana.sy\/es\/wp-content\/uploads\/2021\/08\/DS2_6861-scaled.jpg 2560w, https:\/\/archive.sana.sy\/es\/wp-content\/uploads\/2021\/08\/DS2_6861-300x200.jpg 300w, https:\/\/archive.sana.sy\/es\/wp-content\/uploads\/2021\/08\/DS2_6861-1024x683.jpg 1024w, https:\/\/archive.sana.sy\/es\/wp-content\/uploads\/2021\/08\/DS2_6861-150x100.jpg 150w, https:\/\/archive.sana.sy\/es\/wp-content\/uploads\/2021\/08\/DS2_6861-768x512.jpg 768w, https:\/\/archive.sana.sy\/es\/wp-content\/uploads\/2021\/08\/DS2_6861-1536x1024.jpg 1536w, https:\/\/archive.sana.sy\/es\/wp-content\/uploads\/2021\/08\/DS2_6861-2048x1365.jpg 2048w\" sizes=\"(max-width: 2560px) 100vw, 2560px\" \/><\/a>\n\t\t\t<\/div><\/figure><figure class='gallery-item'>\n\t\t\t<div class='gallery-icon landscape'>\n\t\t\t\t<a href='https:\/\/archive.sana.sy\/es\/wp-content\/uploads\/2021\/08\/DS2_6872-scaled.jpg'><img loading=\"lazy\" decoding=\"async\" width=\"2560\" height=\"1714\" src=\"https:\/\/archive.sana.sy\/es\/wp-content\/uploads\/2021\/08\/DS2_6872-scaled.jpg\" class=\"attachment-full size-full\" alt=\"\" srcset=\"https:\/\/archive.sana.sy\/es\/wp-content\/uploads\/2021\/08\/DS2_6872-scaled.jpg 2560w, https:\/\/archive.sana.sy\/es\/wp-content\/uploads\/2021\/08\/DS2_6872-300x201.jpg 300w, https:\/\/archive.sana.sy\/es\/wp-content\/uploads\/2021\/08\/DS2_6872-1024x686.jpg 1024w, https:\/\/archive.sana.sy\/es\/wp-content\/uploads\/2021\/08\/DS2_6872-150x100.jpg 150w, https:\/\/archive.sana.sy\/es\/wp-content\/uploads\/2021\/08\/DS2_6872-768x514.jpg 768w, https:\/\/archive.sana.sy\/es\/wp-content\/uploads\/2021\/08\/DS2_6872-1536x1028.jpg 1536w, https:\/\/archive.sana.sy\/es\/wp-content\/uploads\/2021\/08\/DS2_6872-2048x1371.jpg 2048w, https:\/\/archive.sana.sy\/es\/wp-content\/uploads\/2021\/08\/DS2_6872-110x75.jpg 110w\" sizes=\"(max-width: 2560px) 100vw, 2560px\" \/><\/a>\n\t\t\t<\/div><\/figure><figure class='gallery-item'>\n\t\t\t<div class='gallery-icon landscape'>\n\t\t\t\t<a href='https:\/\/archive.sana.sy\/es\/wp-content\/uploads\/2021\/08\/DS2_6880-scaled.jpg'><img loading=\"lazy\" decoding=\"async\" width=\"2560\" height=\"1582\" src=\"https:\/\/archive.sana.sy\/es\/wp-content\/uploads\/2021\/08\/DS2_6880-scaled.jpg\" class=\"attachment-full size-full\" alt=\"\" srcset=\"https:\/\/archive.sana.sy\/es\/wp-content\/uploads\/2021\/08\/DS2_6880-scaled.jpg 2560w, https:\/\/archive.sana.sy\/es\/wp-content\/uploads\/2021\/08\/DS2_6880-300x185.jpg 300w, https:\/\/archive.sana.sy\/es\/wp-content\/uploads\/2021\/08\/DS2_6880-1024x633.jpg 1024w, https:\/\/archive.sana.sy\/es\/wp-content\/uploads\/2021\/08\/DS2_6880-150x93.jpg 150w, https:\/\/archive.sana.sy\/es\/wp-content\/uploads\/2021\/08\/DS2_6880-768x474.jpg 768w, https:\/\/archive.sana.sy\/es\/wp-content\/uploads\/2021\/08\/DS2_6880-1536x949.jpg 1536w, https:\/\/archive.sana.sy\/es\/wp-content\/uploads\/2021\/08\/DS2_6880-2048x1265.jpg 2048w\" sizes=\"(max-width: 2560px) 100vw, 2560px\" \/><\/a>\n\t\t\t<\/div><\/figure><figure class='gallery-item'>\n\t\t\t<div class='gallery-icon landscape'>\n\t\t\t\t<a href='https:\/\/archive.sana.sy\/es\/wp-content\/uploads\/2021\/08\/DS2_6928-scaled.jpg'><img loading=\"lazy\" decoding=\"async\" width=\"2560\" height=\"1643\" src=\"https:\/\/archive.sana.sy\/es\/wp-content\/uploads\/2021\/08\/DS2_6928-scaled.jpg\" class=\"attachment-full size-full\" alt=\"\" srcset=\"https:\/\/archive.sana.sy\/es\/wp-content\/uploads\/2021\/08\/DS2_6928-scaled.jpg 2560w, https:\/\/archive.sana.sy\/es\/wp-content\/uploads\/2021\/08\/DS2_6928-300x193.jpg 300w, https:\/\/archive.sana.sy\/es\/wp-content\/uploads\/2021\/08\/DS2_6928-1024x657.jpg 1024w, https:\/\/archive.sana.sy\/es\/wp-content\/uploads\/2021\/08\/DS2_6928-150x96.jpg 150w, https:\/\/archive.sana.sy\/es\/wp-content\/uploads\/2021\/08\/DS2_6928-768x493.jpg 768w, https:\/\/archive.sana.sy\/es\/wp-content\/uploads\/2021\/08\/DS2_6928-1536x986.jpg 1536w, https:\/\/archive.sana.sy\/es\/wp-content\/uploads\/2021\/08\/DS2_6928-2048x1314.jpg 2048w\" sizes=\"(max-width: 2560px) 100vw, 2560px\" \/><\/a>\n\t\t\t<\/div><\/figure>\n\t\t<\/div>\n\n","protected":false},"excerpt":{"rendered":"<p>Damasco, SANA El Ministerio de Cultura de Siria recibi\u00f3 un busto de bronce del arque\u00f3logo e investigador m\u00e1rtir Khaled al-Asaad, el cual fue entregado por la Asociaci\u00f3n de Veteranos de Rusia como regalo conmemorativo en homenaje a una figura con gran aporte a la civilizaci\u00f3n de Siria. Lubana Mushawah, Ministra de Cultura del gobierno interino, &hellip;<\/p>\n","protected":false},"author":30,"featured_media":192096,"comment_status":"closed","ping_status":"closed","sticky":false,"template":"","format":"standard","meta":{"footnotes":""},"categories":[597,467,7541],"tags":[19356],"class_list":["post-192095","post","type-post","status-publish","format-standard","has-post-thumbnail","","category-cinta-de-noticias","category-siria-y-el-mundo","category-ultimas-noticias","tag-asociacion-de-veteranos-de-rusia-obsequia-a-siria-con-estatua-de-bronce-del-arqueologo-martir-khaled-al-asaad"],"_links":{"self":[{"href":"https:\/\/archive.sana.sy\/es\/index.php?rest_route=\/wp\/v2\/posts\/192095"}],"collection":[{"href":"https:\/\/archive.sana.sy\/es\/index.php?rest_route=\/wp\/v2\/posts"}],"about":[{"href":"https:\/\/archive.sana.sy\/es\/index.php?rest_route=\/wp\/v2\/types\/post"}],"author":[{"embeddable":true,"href":"https:\/\/archive.sana.sy\/es\/index.php?rest_route=\/wp\/v2\/users\/30"}],"replies":[{"embeddable":true,"href":"https:\/\/archive.sana.sy\/es\/index.php?rest_route=%2Fwp%2Fv2%2Fcomments&post=192095"}],"version-history":[{"count":0,"href":"https:\/\/archive.sana.sy\/es\/index.php?rest_route=\/wp\/v2\/posts\/192095\/revisions"}],"wp:featuredmedia":[{"embeddable":true,"href":"https:\/\/archive.sana.sy\/es\/index.php?rest_route=\/wp\/v2\/media\/192096"}],"wp:attachment":[{"href":"https:\/\/archive.sana.sy\/es\/index.php?rest_route=%2Fwp%2Fv2%2Fmedia&parent=192095"}],"wp:term":[{"taxonomy":"category","embeddable":true,"href":"https:\/\/archive.sana.sy\/es\/index.php?rest_route=%2Fwp%2Fv2%2Fcategories&post=192095"},{"taxonomy":"post_tag","embeddable":true,"href":"https:\/\/archive.sana.sy\/es\/index.php?rest_route=%2Fwp%2Fv2%2Ftags&post=192095"}],"curies":[{"name":"wp","href":"https:\/\/api.w.org\/{rel}","templated":true}]}}