{"id":19213,"date":"2015-03-10T12:27:14","date_gmt":"2015-03-10T10:27:14","guid":{"rendered":"http:\/\/www.sana.sy\/es\/?p=19213"},"modified":"2015-03-10T18:03:19","modified_gmt":"2015-03-10T16:03:19","slug":"fuerzas-iraquies-entran-en-tikrit-y-continuan-sus-operativos-en-anbar-y-diyala","status":"publish","type":"post","link":"https:\/\/archive.sana.sy\/es\/?p=19213","title":{"rendered":"Fuerzas iraqu\u00edes entran en Tikrit y contin\u00faan sus operativos en Anbar y Diyala"},"content":{"rendered":"<div><span style=\"color: #ff0000\">Bagdad, SANA<\/span><\/div>\n<div><span lang=\"ES-TRAD\">\u00a0<\/span><\/div>\n<div><span lang=\"ES-TRAD\">Las fuerzas iraqu\u00edes han logrado entrar en las calles de la ciudad de Tikrit, capital provincial de Salahuddin.<\/span><\/div>\n<div><span lang=\"ES-TRAD\">\u00a0<\/span><\/div>\n<div><span lang=\"ES-TRAD\">Una fuente de seguridad inform\u00f3 que &#8220;fuerzas conjuntas de seguridad y del ej\u00e9rcito popular lograron entrar en las calles principales de Tikrit, despu\u00e9s asediar la ciudad desde varios ejes&#8221;.<\/span><\/div>\n<div><span lang=\"ES-TRAD\">\u00a0<\/span><\/div>\n<div><span lang=\"ES-TRAD\">Las fuerzas de seguridad iraqu\u00edes hab\u00edan logrado anteriormente controlar el municipio de Alam y liberarla de todas las bandas terroristas del EI.<\/span><\/div>\n<div><span lang=\"ES-TRAD\">\u00a0<\/span><\/div>\n<div><span lang=\"ES-TRAD\">En la misma provincia de Salahuddin, un comandante de operaciones del ej\u00e9rcito iraqu\u00ed anunci\u00f3 que las tropas lograron liberar a 42 aldeas al este de la provincia, de las bandas del EI.<\/span><\/div>\n<div><span lang=\"ES-TRAD\">\u00a0<\/span><\/div>\n<div><span lang=\"ES-TRAD\">En un contexto relacionado, fuerzas iraqu\u00edes continuaron su \u00a0operaci\u00f3n militar a gran escala lanzada para asegurar\u00a0la carretera entre Biji y Kirkuak.<\/span><\/div>\n<div><\/div>\n<div><span style=\"color: #00ccff\">Fady M., Hala B.<img decoding=\"async\" class=\"ajT\" src=\"https:\/\/ssl.gstatic.com\/ui\/v1\/icons\/mail\/images\/cleardot.gif\" alt=\"\" \/><\/span><\/div>\n","protected":false},"excerpt":{"rendered":"<p>Bagdad, SANA \u00a0 Las fuerzas iraqu\u00edes han logrado entrar en las calles de la ciudad de Tikrit, capital provincial de Salahuddin. \u00a0 Una fuente de seguridad inform\u00f3 que &#8220;fuerzas conjuntas de seguridad y del ej\u00e9rcito popular lograron entrar en las calles principales de Tikrit, despu\u00e9s asediar la ciudad desde varios ejes&#8221;. \u00a0 Las fuerzas de &hellip;<\/p>\n","protected":false},"author":1,"featured_media":19214,"comment_status":"closed","ping_status":"closed","sticky":false,"template":"","format":"standard","meta":{"footnotes":""},"categories":[456,457,576],"tags":[4352],"class_list":["post-19213","post","type-post","status-publish","format-standard","has-post-thumbnail","","category-arabe-internacional-politica","category-noticias-arabe-internacional-politica","category-noticias-politicas","tag-fuerzas-iraquies-entran-en-tikrit-y-continuan-sus-operativos-en-anbar-y-diyala"],"_links":{"self":[{"href":"https:\/\/archive.sana.sy\/es\/index.php?rest_route=\/wp\/v2\/posts\/19213"}],"collection":[{"href":"https:\/\/archive.sana.sy\/es\/index.php?rest_route=\/wp\/v2\/posts"}],"about":[{"href":"https:\/\/archive.sana.sy\/es\/index.php?rest_route=\/wp\/v2\/types\/post"}],"author":[{"embeddable":true,"href":"https:\/\/archive.sana.sy\/es\/index.php?rest_route=\/wp\/v2\/users\/1"}],"replies":[{"embeddable":true,"href":"https:\/\/archive.sana.sy\/es\/index.php?rest_route=%2Fwp%2Fv2%2Fcomments&post=19213"}],"version-history":[{"count":0,"href":"https:\/\/archive.sana.sy\/es\/index.php?rest_route=\/wp\/v2\/posts\/19213\/revisions"}],"wp:featuredmedia":[{"embeddable":true,"href":"https:\/\/archive.sana.sy\/es\/index.php?rest_route=\/wp\/v2\/media\/19214"}],"wp:attachment":[{"href":"https:\/\/archive.sana.sy\/es\/index.php?rest_route=%2Fwp%2Fv2%2Fmedia&parent=19213"}],"wp:term":[{"taxonomy":"category","embeddable":true,"href":"https:\/\/archive.sana.sy\/es\/index.php?rest_route=%2Fwp%2Fv2%2Fcategories&post=19213"},{"taxonomy":"post_tag","embeddable":true,"href":"https:\/\/archive.sana.sy\/es\/index.php?rest_route=%2Fwp%2Fv2%2Ftags&post=19213"}],"curies":[{"name":"wp","href":"https:\/\/api.w.org\/{rel}","templated":true}]}}