{"id":192202,"date":"2021-08-09T12:17:31","date_gmt":"2021-08-09T09:17:31","guid":{"rendered":"http:\/\/107.6.182.27\/es\/?p=192202"},"modified":"2023-01-10T14:27:07","modified_gmt":"2023-01-10T12:27:07","slug":"dos-civiles-heridos-en-nueva-jornada-de-luchas-internas-entre-terroristas-en-efrin-siria","status":"publish","type":"post","link":"https:\/\/archive.sana.sy\/es\/?p=192202","title":{"rendered":"Dos civiles heridos en nueva jornada de luchas internas entre terroristas en Efr\u00edn, Siria"},"content":{"rendered":"<p style=\"text-align: justify;\"><strong><span style=\"color: #800000;\">Alepo, SANA<\/span><\/strong><\/p>\n<p style=\"text-align: justify;\">Varios civiles resultaron heridos por los continuos enfrentamientos internos entre los mercenarios del r\u00e9gimen turco en la ciudad ocupada de Efr\u00edn, en el norte de la provincia Alepo.<\/p>\n<p style=\"text-align: justify;\">Activistas locales informaron a SANA que choques con armas ligeras y medianas estallaron entre terroristas del llamado grupo \u201cAhrar al-Sham\u201d y la llamada \u201cNovena Divisi\u00f3n\u201d en una de las calles residenciales en la ciudad referida, lo que caus\u00f3 lesiones a varios civiles, incluidos un ni\u00f1o, adem\u00e1s de provocar da\u00f1os materiales en las propiedades.<\/p>\n<p style=\"text-align: justify;\">Indicaron que el p\u00e1nico rein\u00f3 en la regi\u00f3n durante esas luchas internas y la mayor\u00eda de los pobladores se vieron obligados a dejar sus trabajos y esconderse en sus casas.<\/p>\n<p style=\"text-align: justify;\"><span style=\"color: #0000ff;\"><strong>ws\/fm<\/strong><\/span><\/p>\n","protected":false},"excerpt":{"rendered":"<p>Alepo, SANA Varios civiles resultaron heridos por los continuos enfrentamientos internos entre los mercenarios del r\u00e9gimen turco en la ciudad ocupada de Efr\u00edn, en el norte de la provincia Alepo. Activistas locales informaron a SANA que choques con armas ligeras y medianas estallaron entre terroristas del llamado grupo \u201cAhrar al-Sham\u201d y la llamada \u201cNovena Divisi\u00f3n\u201d &hellip;<\/p>\n","protected":false},"author":35,"featured_media":192203,"comment_status":"closed","ping_status":"closed","sticky":false,"template":"","format":"standard","meta":{"footnotes":""},"categories":[477,447,597,573,476,7541],"tags":[],"class_list":["post-192202","post","type-post","status-publish","format-standard","has-post-thumbnail","","category-noticias-edulcorantes","category-local-politica","category-cinta-de-noticias","category-la-realidad-de-los-acontecimientos-en-siria","category-locales","category-ultimas-noticias"],"_links":{"self":[{"href":"https:\/\/archive.sana.sy\/es\/index.php?rest_route=\/wp\/v2\/posts\/192202"}],"collection":[{"href":"https:\/\/archive.sana.sy\/es\/index.php?rest_route=\/wp\/v2\/posts"}],"about":[{"href":"https:\/\/archive.sana.sy\/es\/index.php?rest_route=\/wp\/v2\/types\/post"}],"author":[{"embeddable":true,"href":"https:\/\/archive.sana.sy\/es\/index.php?rest_route=\/wp\/v2\/users\/35"}],"replies":[{"embeddable":true,"href":"https:\/\/archive.sana.sy\/es\/index.php?rest_route=%2Fwp%2Fv2%2Fcomments&post=192202"}],"version-history":[{"count":0,"href":"https:\/\/archive.sana.sy\/es\/index.php?rest_route=\/wp\/v2\/posts\/192202\/revisions"}],"wp:featuredmedia":[{"embeddable":true,"href":"https:\/\/archive.sana.sy\/es\/index.php?rest_route=\/wp\/v2\/media\/192203"}],"wp:attachment":[{"href":"https:\/\/archive.sana.sy\/es\/index.php?rest_route=%2Fwp%2Fv2%2Fmedia&parent=192202"}],"wp:term":[{"taxonomy":"category","embeddable":true,"href":"https:\/\/archive.sana.sy\/es\/index.php?rest_route=%2Fwp%2Fv2%2Fcategories&post=192202"},{"taxonomy":"post_tag","embeddable":true,"href":"https:\/\/archive.sana.sy\/es\/index.php?rest_route=%2Fwp%2Fv2%2Ftags&post=192202"}],"curies":[{"name":"wp","href":"https:\/\/api.w.org\/{rel}","templated":true}]}}