{"id":192240,"date":"2021-08-09T20:00:43","date_gmt":"2021-08-09T17:00:43","guid":{"rendered":"http:\/\/107.6.182.27\/es\/?p=192240"},"modified":"2023-01-10T15:13:50","modified_gmt":"2023-01-10T13:13:50","slug":"completan-primera-fase-de-la-planta-fotovoltaica-en-ciudad-industrial-de-alepo-fotos","status":"publish","type":"post","link":"https:\/\/archive.sana.sy\/es\/?p=192240","title":{"rendered":"Completan primera fase de la planta fotovoltaica en ciudad industrial de Alepo (+fotos)"},"content":{"rendered":"<p style=\"text-align: justify;\"><span style=\"color: #800000;\"><strong>Alepo, SANA<\/strong><\/span><\/p>\n<p style=\"text-align: justify;\">Comenzaron las obras de la segunda fase del proyecto de la planta fotovoltaica en la ciudad industrial de Sheikh Najjar en la provincia de Alepo.<\/p>\n<p style=\"text-align: justify;\">Koumait Assi Al-Sheikh, miembro de la Oficina Ejecutiva del Consejo Provincial de Alepo, comunic\u00f3 a SANA que la estaci\u00f3n fotovoltaica se construye sobre un \u00e1rea de 850 mil metros cuadrados y tiene una capacidad de 33,5 megavatios que aumentar\u00edan a 100 megavatios cuando se concluya la ampliaci\u00f3n, lo cual significa la mitad del consumo de la ciudad de Alepo.<\/p>\n<p style=\"text-align: justify;\">\u201cEsto ahorra 13 mil toneladas de combustible lo cual repercutir\u00eda positivamente en la reducci\u00f3n del costo del producto nacional y superar el bloqueo econ\u00f3mico impuesto al pueblo sirio\u201d, indic\u00f3.<\/p>\n<div id='gallery-1' class='gallery galleryid-192240 gallery-columns-1 gallery-size-full'><figure class='gallery-item'>\n\t\t\t<div class='gallery-icon landscape'>\n\t\t\t\t<a href='https:\/\/archive.sana.sy\/es\/wp-content\/uploads\/2021\/08\/photo_2021-08-09_18-52-06-2.jpg'><img loading=\"lazy\" decoding=\"async\" width=\"1280\" height=\"852\" src=\"https:\/\/archive.sana.sy\/es\/wp-content\/uploads\/2021\/08\/photo_2021-08-09_18-52-06-2.jpg\" class=\"attachment-full size-full\" alt=\"\" srcset=\"https:\/\/archive.sana.sy\/es\/wp-content\/uploads\/2021\/08\/photo_2021-08-09_18-52-06-2.jpg 1280w, https:\/\/archive.sana.sy\/es\/wp-content\/uploads\/2021\/08\/photo_2021-08-09_18-52-06-2-300x200.jpg 300w, https:\/\/archive.sana.sy\/es\/wp-content\/uploads\/2021\/08\/photo_2021-08-09_18-52-06-2-1024x682.jpg 1024w, https:\/\/archive.sana.sy\/es\/wp-content\/uploads\/2021\/08\/photo_2021-08-09_18-52-06-2-150x100.jpg 150w, https:\/\/archive.sana.sy\/es\/wp-content\/uploads\/2021\/08\/photo_2021-08-09_18-52-06-2-768x511.jpg 768w, https:\/\/archive.sana.sy\/es\/wp-content\/uploads\/2021\/08\/photo_2021-08-09_18-52-06-2-310x205.jpg 310w\" sizes=\"(max-width: 1280px) 100vw, 1280px\" \/><\/a>\n\t\t\t<\/div><\/figure><figure class='gallery-item'>\n\t\t\t<div class='gallery-icon landscape'>\n\t\t\t\t<a href='https:\/\/archive.sana.sy\/es\/wp-content\/uploads\/2021\/08\/photo_2021-08-09_18-52-06.jpg'><img loading=\"lazy\" decoding=\"async\" width=\"1280\" height=\"852\" src=\"https:\/\/archive.sana.sy\/es\/wp-content\/uploads\/2021\/08\/photo_2021-08-09_18-52-06.jpg\" class=\"attachment-full size-full\" alt=\"\" srcset=\"https:\/\/archive.sana.sy\/es\/wp-content\/uploads\/2021\/08\/photo_2021-08-09_18-52-06.jpg 1280w, https:\/\/archive.sana.sy\/es\/wp-content\/uploads\/2021\/08\/photo_2021-08-09_18-52-06-300x200.jpg 300w, https:\/\/archive.sana.sy\/es\/wp-content\/uploads\/2021\/08\/photo_2021-08-09_18-52-06-1024x682.jpg 1024w, https:\/\/archive.sana.sy\/es\/wp-content\/uploads\/2021\/08\/photo_2021-08-09_18-52-06-150x100.jpg 150w, https:\/\/archive.sana.sy\/es\/wp-content\/uploads\/2021\/08\/photo_2021-08-09_18-52-06-768x511.jpg 768w, https:\/\/archive.sana.sy\/es\/wp-content\/uploads\/2021\/08\/photo_2021-08-09_18-52-06-310x205.jpg 310w\" sizes=\"(max-width: 1280px) 100vw, 1280px\" \/><\/a>\n\t\t\t<\/div><\/figure><figure class='gallery-item'>\n\t\t\t<div class='gallery-icon landscape'>\n\t\t\t\t<a href='https:\/\/archive.sana.sy\/es\/wp-content\/uploads\/2021\/08\/photo_2021-08-09_18-52-07-2.jpg'><img loading=\"lazy\" decoding=\"async\" width=\"1280\" height=\"852\" src=\"https:\/\/archive.sana.sy\/es\/wp-content\/uploads\/2021\/08\/photo_2021-08-09_18-52-07-2.jpg\" class=\"attachment-full size-full\" alt=\"\" srcset=\"https:\/\/archive.sana.sy\/es\/wp-content\/uploads\/2021\/08\/photo_2021-08-09_18-52-07-2.jpg 1280w, https:\/\/archive.sana.sy\/es\/wp-content\/uploads\/2021\/08\/photo_2021-08-09_18-52-07-2-300x200.jpg 300w, https:\/\/archive.sana.sy\/es\/wp-content\/uploads\/2021\/08\/photo_2021-08-09_18-52-07-2-1024x682.jpg 1024w, https:\/\/archive.sana.sy\/es\/wp-content\/uploads\/2021\/08\/photo_2021-08-09_18-52-07-2-150x100.jpg 150w, https:\/\/archive.sana.sy\/es\/wp-content\/uploads\/2021\/08\/photo_2021-08-09_18-52-07-2-768x511.jpg 768w, https:\/\/archive.sana.sy\/es\/wp-content\/uploads\/2021\/08\/photo_2021-08-09_18-52-07-2-310x205.jpg 310w\" sizes=\"(max-width: 1280px) 100vw, 1280px\" \/><\/a>\n\t\t\t<\/div><\/figure><figure class='gallery-item'>\n\t\t\t<div class='gallery-icon landscape'>\n\t\t\t\t<a href='https:\/\/archive.sana.sy\/es\/wp-content\/uploads\/2021\/08\/photo_2021-08-09_18-52-07.jpg'><img loading=\"lazy\" decoding=\"async\" width=\"1280\" height=\"779\" src=\"https:\/\/archive.sana.sy\/es\/wp-content\/uploads\/2021\/08\/photo_2021-08-09_18-52-07.jpg\" class=\"attachment-full size-full\" alt=\"\" srcset=\"https:\/\/archive.sana.sy\/es\/wp-content\/uploads\/2021\/08\/photo_2021-08-09_18-52-07.jpg 1280w, https:\/\/archive.sana.sy\/es\/wp-content\/uploads\/2021\/08\/photo_2021-08-09_18-52-07-300x183.jpg 300w, https:\/\/archive.sana.sy\/es\/wp-content\/uploads\/2021\/08\/photo_2021-08-09_18-52-07-1024x623.jpg 1024w, https:\/\/archive.sana.sy\/es\/wp-content\/uploads\/2021\/08\/photo_2021-08-09_18-52-07-150x91.jpg 150w, https:\/\/archive.sana.sy\/es\/wp-content\/uploads\/2021\/08\/photo_2021-08-09_18-52-07-768x467.jpg 768w\" sizes=\"(max-width: 1280px) 100vw, 1280px\" \/><\/a>\n\t\t\t<\/div><\/figure>\n\t\t<\/div>\n\n<p style=\"text-align: justify;\"><span style=\"color: #0000ff;\"><strong>rr\/fm<\/strong><\/span><\/p>\n","protected":false},"excerpt":{"rendered":"<p>Alepo, SANA Comenzaron las obras de la segunda fase del proyecto de la planta fotovoltaica en la ciudad industrial de Sheikh Najjar en la provincia de Alepo. Koumait Assi Al-Sheikh, miembro de la Oficina Ejecutiva del Consejo Provincial de Alepo, comunic\u00f3 a SANA que la estaci\u00f3n fotovoltaica se construye sobre un \u00e1rea de 850 mil &hellip;<\/p>\n","protected":false},"author":31,"featured_media":192241,"comment_status":"closed","ping_status":"closed","sticky":false,"template":"","format":"standard","meta":{"footnotes":""},"categories":[447,477,597,16686,485,476,457,583],"tags":[],"class_list":["post-192240","post","type-post","status-publish","format-standard","has-post-thumbnail","","category-local-politica","category-noticias-edulcorantes","category-cinta-de-noticias","category-economia","category-informes-negocios-y-finanzas","category-locales","category-noticias-arabe-internacional-politica","category-slide"],"_links":{"self":[{"href":"https:\/\/archive.sana.sy\/es\/index.php?rest_route=\/wp\/v2\/posts\/192240"}],"collection":[{"href":"https:\/\/archive.sana.sy\/es\/index.php?rest_route=\/wp\/v2\/posts"}],"about":[{"href":"https:\/\/archive.sana.sy\/es\/index.php?rest_route=\/wp\/v2\/types\/post"}],"author":[{"embeddable":true,"href":"https:\/\/archive.sana.sy\/es\/index.php?rest_route=\/wp\/v2\/users\/31"}],"replies":[{"embeddable":true,"href":"https:\/\/archive.sana.sy\/es\/index.php?rest_route=%2Fwp%2Fv2%2Fcomments&post=192240"}],"version-history":[{"count":0,"href":"https:\/\/archive.sana.sy\/es\/index.php?rest_route=\/wp\/v2\/posts\/192240\/revisions"}],"wp:featuredmedia":[{"embeddable":true,"href":"https:\/\/archive.sana.sy\/es\/index.php?rest_route=\/wp\/v2\/media\/192241"}],"wp:attachment":[{"href":"https:\/\/archive.sana.sy\/es\/index.php?rest_route=%2Fwp%2Fv2%2Fmedia&parent=192240"}],"wp:term":[{"taxonomy":"category","embeddable":true,"href":"https:\/\/archive.sana.sy\/es\/index.php?rest_route=%2Fwp%2Fv2%2Fcategories&post=192240"},{"taxonomy":"post_tag","embeddable":true,"href":"https:\/\/archive.sana.sy\/es\/index.php?rest_route=%2Fwp%2Fv2%2Ftags&post=192240"}],"curies":[{"name":"wp","href":"https:\/\/api.w.org\/{rel}","templated":true}]}}