{"id":192454,"date":"2021-08-11T10:56:20","date_gmt":"2021-08-11T07:56:20","guid":{"rendered":"http:\/\/107.6.182.27\/es\/?p=192454"},"modified":"2021-08-11T13:19:26","modified_gmt":"2021-08-11T10:19:26","slug":"un-millon-de-libros-escolares-para-las-escuelas-de-deraa","status":"publish","type":"post","link":"https:\/\/archive.sana.sy\/es\/?p=192454","title":{"rendered":"Un mill\u00f3n de libros escolares para las escuelas de Deraa"},"content":{"rendered":"<p style=\"text-align: justify;\">\u00a0<span style=\"color: #800000;\"><strong>Deraa, SANA<\/strong><\/span><\/p>\n<p style=\"text-align: justify;\">La provincia de Deraa fue suministrada con alrededor de un mill\u00f3n de libros de texto para todos los niveles de educaci\u00f3n b\u00e1sica y secundaria.<\/p>\n<p style=\"text-align: justify;\">Seg\u00fan afirman las autoridades, se ha cubierto hasta ahora la mitad de las necesidades de los estudiantes.<\/p>\n<p style=\"text-align: justify;\">Agregaron que diariamente se env\u00edan libros de Damasco a Deraa hasta que se cubra la necesidad de esta provincia sure\u00f1a de casi dos millones de libros este a\u00f1o.<\/p>\n<p style=\"text-align: justify;\"><span style=\"color: #0000ff;\"><strong>fm\/ed<\/strong><\/span><\/p>\n","protected":false},"excerpt":{"rendered":"<p>\u00a0Deraa, SANA La provincia de Deraa fue suministrada con alrededor de un mill\u00f3n de libros de texto para todos los niveles de educaci\u00f3n b\u00e1sica y secundaria. Seg\u00fan afirman las autoridades, se ha cubierto hasta ahora la mitad de las necesidades de los estudiantes. Agregaron que diariamente se env\u00edan libros de Damasco a Deraa hasta que &hellip;<\/p>\n","protected":false},"author":32,"featured_media":192455,"comment_status":"closed","ping_status":"closed","sticky":false,"template":"","format":"standard","meta":{"footnotes":""},"categories":[447,477,597,476,7541],"tags":[],"class_list":["post-192454","post","type-post","status-publish","format-standard","has-post-thumbnail","","category-local-politica","category-noticias-edulcorantes","category-cinta-de-noticias","category-locales","category-ultimas-noticias"],"_links":{"self":[{"href":"https:\/\/archive.sana.sy\/es\/index.php?rest_route=\/wp\/v2\/posts\/192454"}],"collection":[{"href":"https:\/\/archive.sana.sy\/es\/index.php?rest_route=\/wp\/v2\/posts"}],"about":[{"href":"https:\/\/archive.sana.sy\/es\/index.php?rest_route=\/wp\/v2\/types\/post"}],"author":[{"embeddable":true,"href":"https:\/\/archive.sana.sy\/es\/index.php?rest_route=\/wp\/v2\/users\/32"}],"replies":[{"embeddable":true,"href":"https:\/\/archive.sana.sy\/es\/index.php?rest_route=%2Fwp%2Fv2%2Fcomments&post=192454"}],"version-history":[{"count":0,"href":"https:\/\/archive.sana.sy\/es\/index.php?rest_route=\/wp\/v2\/posts\/192454\/revisions"}],"wp:featuredmedia":[{"embeddable":true,"href":"https:\/\/archive.sana.sy\/es\/index.php?rest_route=\/wp\/v2\/media\/192455"}],"wp:attachment":[{"href":"https:\/\/archive.sana.sy\/es\/index.php?rest_route=%2Fwp%2Fv2%2Fmedia&parent=192454"}],"wp:term":[{"taxonomy":"category","embeddable":true,"href":"https:\/\/archive.sana.sy\/es\/index.php?rest_route=%2Fwp%2Fv2%2Fcategories&post=192454"},{"taxonomy":"post_tag","embeddable":true,"href":"https:\/\/archive.sana.sy\/es\/index.php?rest_route=%2Fwp%2Fv2%2Ftags&post=192454"}],"curies":[{"name":"wp","href":"https:\/\/api.w.org\/{rel}","templated":true}]}}