{"id":192478,"date":"2021-08-11T15:34:15","date_gmt":"2021-08-11T12:34:15","guid":{"rendered":"http:\/\/107.6.182.27\/es\/?p=192478"},"modified":"2023-01-12T14:40:37","modified_gmt":"2023-01-12T12:40:37","slug":"mueren-cinco-soldados-iraquies-mientras-desactivaban-explosivos","status":"publish","type":"post","link":"https:\/\/archive.sana.sy\/es\/?p=192478","title":{"rendered":"Mueren cinco soldados iraqu\u00edes mientras desactivaban explosivos"},"content":{"rendered":"<p style=\"text-align: justify;\"><span style=\"color: #800000;\"><strong>Bagdad, SANA<\/strong><\/span><\/p>\n<p style=\"text-align: justify;\">Una fuente de seguridad iraqu\u00ed anunci\u00f3 la muerte de cinco soldados en la gobernaci\u00f3n de Saladino al norte del pa\u00eds.<\/p>\n<p style=\"text-align: justify;\">La fuente inform\u00f3 al sitio Alsumaria News que los cinco militares perdieron la vida por el estallido de un artefacto mientras intentaban desactivarlo.<\/p>\n<p style=\"text-align: justify;\">En la v\u00edspera, una fuente de seguridad iraqu\u00ed inform\u00f3 la muerte de un civil y la lesi\u00f3n de otro por un ataque terrorista en la gobernaci\u00f3n de Ninaua al norte del pa\u00eds.<\/p>\n<p style=\"text-align: justify;\"><span style=\"color: #0000ff;\"><strong>sm\/fm<\/strong><\/span><\/p>\n","protected":false},"excerpt":{"rendered":"<p>Bagdad, SANA Una fuente de seguridad iraqu\u00ed anunci\u00f3 la muerte de cinco soldados en la gobernaci\u00f3n de Saladino al norte del pa\u00eds. La fuente inform\u00f3 al sitio Alsumaria News que los cinco militares perdieron la vida por el estallido de un artefacto mientras intentaban desactivarlo. En la v\u00edspera, una fuente de seguridad iraqu\u00ed inform\u00f3 la &hellip;<\/p>\n","protected":false},"author":39,"featured_media":192479,"comment_status":"closed","ping_status":"closed","sticky":false,"template":"","format":"standard","meta":{"footnotes":""},"categories":[597,456,7541],"tags":[],"class_list":["post-192478","post","type-post","status-publish","format-standard","has-post-thumbnail","","category-cinta-de-noticias","category-arabe-internacional-politica","category-ultimas-noticias"],"_links":{"self":[{"href":"https:\/\/archive.sana.sy\/es\/index.php?rest_route=\/wp\/v2\/posts\/192478"}],"collection":[{"href":"https:\/\/archive.sana.sy\/es\/index.php?rest_route=\/wp\/v2\/posts"}],"about":[{"href":"https:\/\/archive.sana.sy\/es\/index.php?rest_route=\/wp\/v2\/types\/post"}],"author":[{"embeddable":true,"href":"https:\/\/archive.sana.sy\/es\/index.php?rest_route=\/wp\/v2\/users\/39"}],"replies":[{"embeddable":true,"href":"https:\/\/archive.sana.sy\/es\/index.php?rest_route=%2Fwp%2Fv2%2Fcomments&post=192478"}],"version-history":[{"count":0,"href":"https:\/\/archive.sana.sy\/es\/index.php?rest_route=\/wp\/v2\/posts\/192478\/revisions"}],"wp:featuredmedia":[{"embeddable":true,"href":"https:\/\/archive.sana.sy\/es\/index.php?rest_route=\/wp\/v2\/media\/192479"}],"wp:attachment":[{"href":"https:\/\/archive.sana.sy\/es\/index.php?rest_route=%2Fwp%2Fv2%2Fmedia&parent=192478"}],"wp:term":[{"taxonomy":"category","embeddable":true,"href":"https:\/\/archive.sana.sy\/es\/index.php?rest_route=%2Fwp%2Fv2%2Fcategories&post=192478"},{"taxonomy":"post_tag","embeddable":true,"href":"https:\/\/archive.sana.sy\/es\/index.php?rest_route=%2Fwp%2Fv2%2Ftags&post=192478"}],"curies":[{"name":"wp","href":"https:\/\/api.w.org\/{rel}","templated":true}]}}