{"id":192481,"date":"2021-08-11T15:41:45","date_gmt":"2021-08-11T12:41:45","guid":{"rendered":"http:\/\/107.6.182.27\/es\/?p=192481"},"modified":"2023-01-09T14:05:25","modified_gmt":"2023-01-09T12:05:25","slug":"muere-trabajador-por-explosion-de-mina-remanente-del-daesh-en-deir-ezzor","status":"publish","type":"post","link":"https:\/\/archive.sana.sy\/es\/?p=192481","title":{"rendered":"Mueren dos trabajadores por explosi\u00f3n de mina remanente del Daesh en Deir Ezzor"},"content":{"rendered":"<p style=\"text-align: justify;\"><span style=\"color: #800000;\"><strong>Deir Ezzor, SANA<\/strong><\/span><\/p>\n<p style=\"text-align: justify;\">Dos trabajadores del Departamento de Electricidad perdieron la vida como resultado de la explosi\u00f3n de una mina abandonada por terroristas del Daesh en el campo norte de la provincia de Deir Ezzor.<\/p>\n<p style=\"text-align: justify;\">EL corresponsal de SANA en Deir Ezzor inform\u00f3 que el accidente ocurri\u00f3 mientras los dos empleados trabajaban para rehabilitar la l\u00ednea de tensi\u00f3n \u201cAl-Mayadeen- Duwair\u201d en la referida provincia.<\/p>\n<p style=\"text-align: justify;\">Antes de su derrota, las organizaciones terroristas colocaron minas y bombas en las viviendas y tierras agr\u00edcolas para ocasionar el mayor da\u00f1o posible a los lugare\u00f1os que regresan a sus \u00e1reas despu\u00e9s de su liberaci\u00f3n del terrorismo.<\/p>\n<p style=\"text-align: justify;\"><span style=\"color: #0000ff;\"><strong>sm\/fm<\/strong><\/span><\/p>\n","protected":false},"excerpt":{"rendered":"<p>Deir Ezzor, SANA Dos trabajadores del Departamento de Electricidad perdieron la vida como resultado de la explosi\u00f3n de una mina abandonada por terroristas del Daesh en el campo norte de la provincia de Deir Ezzor. EL corresponsal de SANA en Deir Ezzor inform\u00f3 que el accidente ocurri\u00f3 mientras los dos empleados trabajaban para rehabilitar la &hellip;<\/p>\n","protected":false},"author":39,"featured_media":192488,"comment_status":"closed","ping_status":"closed","sticky":false,"template":"","format":"standard","meta":{"footnotes":""},"categories":[477,447,597,573,476,7541],"tags":[],"class_list":["post-192481","post","type-post","status-publish","format-standard","has-post-thumbnail","","category-noticias-edulcorantes","category-local-politica","category-cinta-de-noticias","category-la-realidad-de-los-acontecimientos-en-siria","category-locales","category-ultimas-noticias"],"_links":{"self":[{"href":"https:\/\/archive.sana.sy\/es\/index.php?rest_route=\/wp\/v2\/posts\/192481"}],"collection":[{"href":"https:\/\/archive.sana.sy\/es\/index.php?rest_route=\/wp\/v2\/posts"}],"about":[{"href":"https:\/\/archive.sana.sy\/es\/index.php?rest_route=\/wp\/v2\/types\/post"}],"author":[{"embeddable":true,"href":"https:\/\/archive.sana.sy\/es\/index.php?rest_route=\/wp\/v2\/users\/39"}],"replies":[{"embeddable":true,"href":"https:\/\/archive.sana.sy\/es\/index.php?rest_route=%2Fwp%2Fv2%2Fcomments&post=192481"}],"version-history":[{"count":0,"href":"https:\/\/archive.sana.sy\/es\/index.php?rest_route=\/wp\/v2\/posts\/192481\/revisions"}],"wp:featuredmedia":[{"embeddable":true,"href":"https:\/\/archive.sana.sy\/es\/index.php?rest_route=\/wp\/v2\/media\/192488"}],"wp:attachment":[{"href":"https:\/\/archive.sana.sy\/es\/index.php?rest_route=%2Fwp%2Fv2%2Fmedia&parent=192481"}],"wp:term":[{"taxonomy":"category","embeddable":true,"href":"https:\/\/archive.sana.sy\/es\/index.php?rest_route=%2Fwp%2Fv2%2Fcategories&post=192481"},{"taxonomy":"post_tag","embeddable":true,"href":"https:\/\/archive.sana.sy\/es\/index.php?rest_route=%2Fwp%2Fv2%2Ftags&post=192481"}],"curies":[{"name":"wp","href":"https:\/\/api.w.org\/{rel}","templated":true}]}}