{"id":192531,"date":"2021-08-11T21:26:04","date_gmt":"2021-08-11T18:26:04","guid":{"rendered":"http:\/\/107.6.182.27\/es\/?p=192531"},"modified":"2023-01-12T14:40:37","modified_gmt":"2023-01-12T12:40:37","slug":"fallece-un-palestino-por-heridas-de-fuego-del-ocupante-israeli","status":"publish","type":"post","link":"https:\/\/archive.sana.sy\/es\/?p=192531","title":{"rendered":"Fallece un palestino por heridas de fuego del ocupante israel\u00ed"},"content":{"rendered":"<p><span style=\"color: #800000;\">Jerusal\u00e9n ocupada, SANA<\/span><\/p>\n<p style=\"text-align: justify;\">Un joven palestino perdi\u00f3 la vida este mi\u00e9rcoles por balas de las fuerzas de ocupaci\u00f3n israel\u00edes en el campo de Yenin en Cisjordania.<\/p>\n<p style=\"text-align: justify;\">\u201cEl joven palestino Diaa Al-Din Al-Sabarini, de 25 a\u00f1os, sucumbi\u00f3 a una herida grave en el abdomen, que fue disparada por las fuerzas de ocupaci\u00f3n hace aproximadamente una semana, durante su asalto a yenin\u201d, detall\u00f3 la agencia de prensa palestina WAFA.<\/p>\n<p style=\"text-align: justify;\">Asimismo, decenas de palestinos resultaron heridos hoy como consecuencia del asalto de las fuerzas de ocupaci\u00f3n israel\u00edes a la localidad de Jaba, al sur de Yenin en Cisjordania.<\/p>\n<p><em>mm<\/em><\/p>\n","protected":false},"excerpt":{"rendered":"<p>Jerusal\u00e9n ocupada, SANA Un joven palestino perdi\u00f3 la vida este mi\u00e9rcoles por balas de las fuerzas de ocupaci\u00f3n israel\u00edes en el campo de Yenin en Cisjordania. \u201cEl joven palestino Diaa Al-Din Al-Sabarini, de 25 a\u00f1os, sucumbi\u00f3 a una herida grave en el abdomen, que fue disparada por las fuerzas de ocupaci\u00f3n hace aproximadamente una semana, &hellip;<\/p>\n","protected":false},"author":36,"featured_media":192532,"comment_status":"closed","ping_status":"closed","sticky":false,"template":"","format":"standard","meta":{"footnotes":""},"categories":[597,456,457],"tags":[],"class_list":["post-192531","post","type-post","status-publish","format-standard","has-post-thumbnail","","category-cinta-de-noticias","category-arabe-internacional-politica","category-noticias-arabe-internacional-politica"],"_links":{"self":[{"href":"https:\/\/archive.sana.sy\/es\/index.php?rest_route=\/wp\/v2\/posts\/192531"}],"collection":[{"href":"https:\/\/archive.sana.sy\/es\/index.php?rest_route=\/wp\/v2\/posts"}],"about":[{"href":"https:\/\/archive.sana.sy\/es\/index.php?rest_route=\/wp\/v2\/types\/post"}],"author":[{"embeddable":true,"href":"https:\/\/archive.sana.sy\/es\/index.php?rest_route=\/wp\/v2\/users\/36"}],"replies":[{"embeddable":true,"href":"https:\/\/archive.sana.sy\/es\/index.php?rest_route=%2Fwp%2Fv2%2Fcomments&post=192531"}],"version-history":[{"count":0,"href":"https:\/\/archive.sana.sy\/es\/index.php?rest_route=\/wp\/v2\/posts\/192531\/revisions"}],"wp:featuredmedia":[{"embeddable":true,"href":"https:\/\/archive.sana.sy\/es\/index.php?rest_route=\/wp\/v2\/media\/192532"}],"wp:attachment":[{"href":"https:\/\/archive.sana.sy\/es\/index.php?rest_route=%2Fwp%2Fv2%2Fmedia&parent=192531"}],"wp:term":[{"taxonomy":"category","embeddable":true,"href":"https:\/\/archive.sana.sy\/es\/index.php?rest_route=%2Fwp%2Fv2%2Fcategories&post=192531"},{"taxonomy":"post_tag","embeddable":true,"href":"https:\/\/archive.sana.sy\/es\/index.php?rest_route=%2Fwp%2Fv2%2Ftags&post=192531"}],"curies":[{"name":"wp","href":"https:\/\/api.w.org\/{rel}","templated":true}]}}