{"id":192627,"date":"2021-08-12T16:49:54","date_gmt":"2021-08-12T13:49:54","guid":{"rendered":"http:\/\/107.6.182.27\/es\/?p=192627"},"modified":"2021-08-12T18:30:30","modified_gmt":"2021-08-12T15:30:30","slug":"moscu-llama-a-repatriar-a-los-terroristas-extranjeros-en-siria-e-irak","status":"publish","type":"post","link":"https:\/\/archive.sana.sy\/es\/?p=192627","title":{"rendered":"Mosc\u00fa insta a repatriar los terroristas extranjeros en Siria e Irak"},"content":{"rendered":"<p style=\"text-align: justify;\"><span style=\"color: #800000;\"><strong>Mosc\u00fa, SANA<\/strong><\/span><\/p>\n<p style=\"text-align: justify;\">El viceministro ruso de Exteriores, Oleg Syromolotov, llam\u00f3 a devolver los terroristas extranjeros presentes en Siria a sus pa\u00edses de origen, y advirti\u00f3 de los intentos de \u201cpulir\u201d la imagen de la organizaci\u00f3n Junta para Liberaci\u00f3n del Levante, otrora Frente Al-Nousra, en Idleb para representarla como \u201cuna especie de oposici\u00f3n pol\u00edtica\u201d.<\/p>\n<p style=\"text-align: justify;\">\u201cAbogamos que los autores rindan cuentas por sus cr\u00edmenes terroristas y unir los esfuerzos de toda la comunidad internacional para tal fin\u201d, dijo Syromolotov en una entrevista con la agencia rusa Interfax.<\/p>\n<p style=\"text-align: justify;\">\u201cEstamos haciendo esfuerzos para evacuar a los ni\u00f1os rusos de Siria e Iraq a fin de rehabilitarlos y reintegrarlos en la sociedad, y creemos que este podr\u00eda ser un buen ejemplo para otros pa\u00edses\u201d, agreg\u00f3.<\/p>\n<p style=\"text-align: justify;\">Indic\u00f3 que la organizaci\u00f3n terrorista Daesh ya no existe en Siria como una \u201centidad regional\u201d uniforme sino que se ha convertido en una red secreta a gran escala, cuyos l\u00edderes centran sus esfuerzos en restaurar la capacidad combativa de sus formaciones.<\/p>\n<p style=\"text-align: justify;\">El vicecanciller explic\u00f3 que a pesar de los \u00e9xitos logrados en la lucha antiterrorista, las c\u00e9lulas individuales a\u00fan siguen activas y representan una grave amenaza.<\/p>\n<p style=\"text-align: justify;\">Seg\u00fan las estimaciones, hay entre 10 mil y 15 mil individuos de Daesh, incluidos inmigrantes de Asia Central y el norte del C\u00e1ucaso, agreg\u00f3 .<\/p>\n<p style=\"text-align: justify;\">Por otro lado, destac\u00f3 que los grupos terroristas en la zona de desescalada de Idleb llevan a cabo ataques contra el ej\u00e9rcito sirio y sus aliados, incluida Rusia, y contin\u00faan intimidando la poblaci\u00f3n local\u201d, detall\u00f3 el funcionario ruso.<\/p>\n<p style=\"text-align: justify;\"><span style=\"color: #0000ff;\"><strong>ah\/rsh\/fm<\/strong><\/span><\/p>\n","protected":false},"excerpt":{"rendered":"<p>Mosc\u00fa, SANA El viceministro ruso de Exteriores, Oleg Syromolotov, llam\u00f3 a devolver los terroristas extranjeros presentes en Siria a sus pa\u00edses de origen, y advirti\u00f3 de los intentos de \u201cpulir\u201d la imagen de la organizaci\u00f3n Junta para Liberaci\u00f3n del Levante, otrora Frente Al-Nousra, en Idleb para representarla como \u201cuna especie de oposici\u00f3n pol\u00edtica\u201d. \u201cAbogamos que &hellip;<\/p>\n","protected":false},"author":30,"featured_media":192629,"comment_status":"closed","ping_status":"closed","sticky":false,"template":"","format":"standard","meta":{"footnotes":""},"categories":[597,467,7541],"tags":[19372],"class_list":["post-192627","post","type-post","status-publish","format-standard","has-post-thumbnail","","category-cinta-de-noticias","category-siria-y-el-mundo","category-ultimas-noticias","tag-moscu-insta-a-repatriar-los-terroristas-extranjeros-en-siria-e-irak"],"_links":{"self":[{"href":"https:\/\/archive.sana.sy\/es\/index.php?rest_route=\/wp\/v2\/posts\/192627"}],"collection":[{"href":"https:\/\/archive.sana.sy\/es\/index.php?rest_route=\/wp\/v2\/posts"}],"about":[{"href":"https:\/\/archive.sana.sy\/es\/index.php?rest_route=\/wp\/v2\/types\/post"}],"author":[{"embeddable":true,"href":"https:\/\/archive.sana.sy\/es\/index.php?rest_route=\/wp\/v2\/users\/30"}],"replies":[{"embeddable":true,"href":"https:\/\/archive.sana.sy\/es\/index.php?rest_route=%2Fwp%2Fv2%2Fcomments&post=192627"}],"version-history":[{"count":0,"href":"https:\/\/archive.sana.sy\/es\/index.php?rest_route=\/wp\/v2\/posts\/192627\/revisions"}],"wp:featuredmedia":[{"embeddable":true,"href":"https:\/\/archive.sana.sy\/es\/index.php?rest_route=\/wp\/v2\/media\/192629"}],"wp:attachment":[{"href":"https:\/\/archive.sana.sy\/es\/index.php?rest_route=%2Fwp%2Fv2%2Fmedia&parent=192627"}],"wp:term":[{"taxonomy":"category","embeddable":true,"href":"https:\/\/archive.sana.sy\/es\/index.php?rest_route=%2Fwp%2Fv2%2Fcategories&post=192627"},{"taxonomy":"post_tag","embeddable":true,"href":"https:\/\/archive.sana.sy\/es\/index.php?rest_route=%2Fwp%2Fv2%2Ftags&post=192627"}],"curies":[{"name":"wp","href":"https:\/\/api.w.org\/{rel}","templated":true}]}}