{"id":192699,"date":"2021-08-12T20:37:28","date_gmt":"2021-08-12T17:37:28","guid":{"rendered":"http:\/\/107.6.182.27\/es\/?p=192699"},"modified":"2021-08-13T17:09:44","modified_gmt":"2021-08-13T14:09:44","slug":"presidente-al-assad-envia-mensaje-de-solidaridad-a-su-homologo-argelino","status":"publish","type":"post","link":"https:\/\/archive.sana.sy\/es\/?p=192699","title":{"rendered":"Presidente al-Assad env\u00eda mensaje de solidaridad a su hom\u00f3logo argelino"},"content":{"rendered":"<p style=\"text-align: justify;\"><span style=\"color: #800000;\"><strong>Damasco, SANA<\/strong><\/span><\/p>\n<p style=\"text-align: justify;\">El presidente Bashar al-Assad, envi\u00f3 hoy un mensaje a su hom\u00f3logo argelino Abdelmadjid Taboun, en el que expres\u00f3 la solidaridad con la hermana Argelia por los incendios que cobraron la vida de decenas de v\u00edctimas.<\/p>\n<p style=\"text-align: justify;\">El presidente lament\u00f3 la p\u00e9rdida de vidas de militares y civiles a consecuencia de esos siniestros que asolaron el estado de &#8220;Tizi Ouzou&#8221;.<\/p>\n<p style=\"text-align: justify;\">\u201cNosotros en la Rep\u00fablica \u00c1rabe Siria, compartimos con ustedes los sentimientos de tristeza y dolor, y expresamos nuestras condolencias y sentido p\u00e9same al pueblo hermano de Argelia y a las familias de las v\u00edctimas y deseamos una pronta recuperaci\u00f3n a todos los heridos\u201d, dijo el presidente en su misiva.<\/p>\n<p style=\"text-align: justify;\"><span style=\"color: #0000ff;\"><strong>fm\/sm<\/strong><\/span><\/p>\n","protected":false},"excerpt":{"rendered":"<p>Damasco, SANA El presidente Bashar al-Assad, envi\u00f3 hoy un mensaje a su hom\u00f3logo argelino Abdelmadjid Taboun, en el que expres\u00f3 la solidaridad con la hermana Argelia por los incendios que cobraron la vida de decenas de v\u00edctimas. El presidente lament\u00f3 la p\u00e9rdida de vidas de militares y civiles a consecuencia de esos siniestros que asolaron &hellip;<\/p>\n","protected":false},"author":39,"featured_media":192700,"comment_status":"closed","ping_status":"closed","sticky":false,"template":"","format":"standard","meta":{"footnotes":""},"categories":[597,467,7541],"tags":[],"class_list":["post-192699","post","type-post","status-publish","format-standard","has-post-thumbnail","","category-cinta-de-noticias","category-siria-y-el-mundo","category-ultimas-noticias"],"_links":{"self":[{"href":"https:\/\/archive.sana.sy\/es\/index.php?rest_route=\/wp\/v2\/posts\/192699"}],"collection":[{"href":"https:\/\/archive.sana.sy\/es\/index.php?rest_route=\/wp\/v2\/posts"}],"about":[{"href":"https:\/\/archive.sana.sy\/es\/index.php?rest_route=\/wp\/v2\/types\/post"}],"author":[{"embeddable":true,"href":"https:\/\/archive.sana.sy\/es\/index.php?rest_route=\/wp\/v2\/users\/39"}],"replies":[{"embeddable":true,"href":"https:\/\/archive.sana.sy\/es\/index.php?rest_route=%2Fwp%2Fv2%2Fcomments&post=192699"}],"version-history":[{"count":0,"href":"https:\/\/archive.sana.sy\/es\/index.php?rest_route=\/wp\/v2\/posts\/192699\/revisions"}],"wp:featuredmedia":[{"embeddable":true,"href":"https:\/\/archive.sana.sy\/es\/index.php?rest_route=\/wp\/v2\/media\/192700"}],"wp:attachment":[{"href":"https:\/\/archive.sana.sy\/es\/index.php?rest_route=%2Fwp%2Fv2%2Fmedia&parent=192699"}],"wp:term":[{"taxonomy":"category","embeddable":true,"href":"https:\/\/archive.sana.sy\/es\/index.php?rest_route=%2Fwp%2Fv2%2Fcategories&post=192699"},{"taxonomy":"post_tag","embeddable":true,"href":"https:\/\/archive.sana.sy\/es\/index.php?rest_route=%2Fwp%2Fv2%2Ftags&post=192699"}],"curies":[{"name":"wp","href":"https:\/\/api.w.org\/{rel}","templated":true}]}}