{"id":192731,"date":"2021-08-13T09:46:38","date_gmt":"2021-08-13T06:46:38","guid":{"rendered":"http:\/\/107.6.182.27\/es\/?p=192731"},"modified":"2021-08-13T09:46:38","modified_gmt":"2021-08-13T06:46:38","slug":"motin-en-carcel-controlada-por-la-milicia-fds-y-alberga-prisioneros-del-daesh","status":"publish","type":"post","link":"https:\/\/archive.sana.sy\/es\/?p=192731","title":{"rendered":"Mot\u00edn en c\u00e1rcel controlada por la milicia FDS y alberga prisioneros del Daesh"},"content":{"rendered":"<p style=\"text-align: justify;\"><span style=\"color: #800000;\"><strong>Hasakeh, SANA<\/strong><\/span><\/p>\n<p style=\"text-align: justify;\">Activistas locales en la provincia de Hasakeh informaron que un mot\u00edn tuvo lugar en la c\u00e1rcel Al-Sinaa, controlada por la milicia separatista proestadounidense Fuerzas Democr\u00e1ticas Sirias (FDS), y alberga a miles de terroristas del Daesh.<\/p>\n<p style=\"text-align: justify;\">Seg\u00fan informaron los activistas, actos de caos y vandalismo acompa\u00f1aron el mot\u00edn que se estall\u00f3 la v\u00edspera mientras los helic\u00f3pteros estadounidenses sobrevolaron la ciudad y lanzaron bengalas en las inmediaciones de la prisi\u00f3n.<\/p>\n<p style=\"text-align: justify;\">Los activistas indicaron que la situaci\u00f3n en la referida c\u00e1rcel fue inestable durante los \u00faltimos tres d\u00edas, ya que los miembros del Daesh se amotinaron en paralelo con la presencia de delegaciones militares y de inteligencia de la ilegal coalici\u00f3n internacional para negociar con los amotinados y calmar la situaci\u00f3n.<\/p>\n<p style=\"text-align: justify;\">Las c\u00e1rceles controladas por la FDS albergan a miles de terroristas que son traslados a los bases estadounidenses ilegales desplegadas en varias partes de la regi\u00f3n siria de al-Jazira, y a la base de al-Tanef, en la frontera entre sirio-jordana, donde ser\u00e1n entrenados y armados para lanzar ataques contra posiciones del ej\u00e9rcito sirio, comunidades civiles e instalaciones petroleras.<\/p>\n<p style=\"text-align: justify;\"><span style=\"color: #0000ff;\"><strong>ah\/fm<\/strong><\/span><\/p>\n","protected":false},"excerpt":{"rendered":"<p>Hasakeh, SANA Activistas locales en la provincia de Hasakeh informaron que un mot\u00edn tuvo lugar en la c\u00e1rcel Al-Sinaa, controlada por la milicia separatista proestadounidense Fuerzas Democr\u00e1ticas Sirias (FDS), y alberga a miles de terroristas del Daesh. Seg\u00fan informaron los activistas, actos de caos y vandalismo acompa\u00f1aron el mot\u00edn que se estall\u00f3 la v\u00edspera mientras &hellip;<\/p>\n","protected":false},"author":30,"featured_media":192732,"comment_status":"closed","ping_status":"closed","sticky":false,"template":"","format":"standard","meta":{"footnotes":""},"categories":[477,597,573,7541],"tags":[19375],"class_list":["post-192731","post","type-post","status-publish","format-standard","has-post-thumbnail","","category-noticias-edulcorantes","category-cinta-de-noticias","category-la-realidad-de-los-acontecimientos-en-siria","category-ultimas-noticias","tag-motin-en-carcel-controlada-por-la-milicia-fds-y-alberga-prisioneros-del-daesh"],"_links":{"self":[{"href":"https:\/\/archive.sana.sy\/es\/index.php?rest_route=\/wp\/v2\/posts\/192731"}],"collection":[{"href":"https:\/\/archive.sana.sy\/es\/index.php?rest_route=\/wp\/v2\/posts"}],"about":[{"href":"https:\/\/archive.sana.sy\/es\/index.php?rest_route=\/wp\/v2\/types\/post"}],"author":[{"embeddable":true,"href":"https:\/\/archive.sana.sy\/es\/index.php?rest_route=\/wp\/v2\/users\/30"}],"replies":[{"embeddable":true,"href":"https:\/\/archive.sana.sy\/es\/index.php?rest_route=%2Fwp%2Fv2%2Fcomments&post=192731"}],"version-history":[{"count":0,"href":"https:\/\/archive.sana.sy\/es\/index.php?rest_route=\/wp\/v2\/posts\/192731\/revisions"}],"wp:featuredmedia":[{"embeddable":true,"href":"https:\/\/archive.sana.sy\/es\/index.php?rest_route=\/wp\/v2\/media\/192732"}],"wp:attachment":[{"href":"https:\/\/archive.sana.sy\/es\/index.php?rest_route=%2Fwp%2Fv2%2Fmedia&parent=192731"}],"wp:term":[{"taxonomy":"category","embeddable":true,"href":"https:\/\/archive.sana.sy\/es\/index.php?rest_route=%2Fwp%2Fv2%2Fcategories&post=192731"},{"taxonomy":"post_tag","embeddable":true,"href":"https:\/\/archive.sana.sy\/es\/index.php?rest_route=%2Fwp%2Fv2%2Ftags&post=192731"}],"curies":[{"name":"wp","href":"https:\/\/api.w.org\/{rel}","templated":true}]}}