{"id":192983,"date":"2021-08-15T11:56:04","date_gmt":"2021-08-15T08:56:04","guid":{"rendered":"http:\/\/107.6.182.27\/es\/?p=192983"},"modified":"2021-08-15T13:04:33","modified_gmt":"2021-08-15T10:04:33","slug":"siria-aprueba-ley-de-proteccion-de-derechos-del-nino","status":"publish","type":"post","link":"https:\/\/archive.sana.sy\/es\/?p=192983","title":{"rendered":"Siria aprueba Ley de Protecci\u00f3n de Derechos del Ni\u00f1o"},"content":{"rendered":"<p style=\"text-align: justify;\"><span style=\"color: #800000;\"><strong>Damasco, SANA<\/strong><\/span><\/p>\n<p style=\"text-align: justify;\">El presidente Bashar al-Assad, promulg\u00f3 la Ley No. 21 sobre Protecci\u00f3n de los Derechos del Ni\u00f1o.<\/p>\n<p style=\"text-align: justify;\">La nueva legislaci\u00f3n tiene como objetivo fortalecer el papel del Estado y sus diversas instituciones p\u00fablicas y privadas en la protecci\u00f3n y el cuidado del ni\u00f1o y garantizar su desarrollo, educaci\u00f3n y formaci\u00f3n cultural, psicol\u00f3gica y social, lo cual construir\u00eda su personalidad para que contribuya en todos los \u00e1mbitos del desarrollo del pa\u00eds.<\/p>\n<p style=\"text-align: justify;\"><strong><span style=\"color: #0000ff;\">fm\/ed<\/span><\/strong><\/p>\n<p>&nbsp;<\/p>\n","protected":false},"excerpt":{"rendered":"<p>Damasco, SANA El presidente Bashar al-Assad, promulg\u00f3 la Ley No. 21 sobre Protecci\u00f3n de los Derechos del Ni\u00f1o. La nueva legislaci\u00f3n tiene como objetivo fortalecer el papel del Estado y sus diversas instituciones p\u00fablicas y privadas en la protecci\u00f3n y el cuidado del ni\u00f1o y garantizar su desarrollo, educaci\u00f3n y formaci\u00f3n cultural, psicol\u00f3gica y social, &hellip;<\/p>\n","protected":false},"author":32,"featured_media":192993,"comment_status":"closed","ping_status":"closed","sticky":false,"template":"","format":"standard","meta":{"footnotes":""},"categories":[597,16237,626,7541],"tags":[],"class_list":["post-192983","post","type-post","status-publish","format-standard","has-post-thumbnail","","category-cinta-de-noticias","category-presidence-de-la-republique-arabe-syria","category-sr-presidente","category-ultimas-noticias"],"_links":{"self":[{"href":"https:\/\/archive.sana.sy\/es\/index.php?rest_route=\/wp\/v2\/posts\/192983"}],"collection":[{"href":"https:\/\/archive.sana.sy\/es\/index.php?rest_route=\/wp\/v2\/posts"}],"about":[{"href":"https:\/\/archive.sana.sy\/es\/index.php?rest_route=\/wp\/v2\/types\/post"}],"author":[{"embeddable":true,"href":"https:\/\/archive.sana.sy\/es\/index.php?rest_route=\/wp\/v2\/users\/32"}],"replies":[{"embeddable":true,"href":"https:\/\/archive.sana.sy\/es\/index.php?rest_route=%2Fwp%2Fv2%2Fcomments&post=192983"}],"version-history":[{"count":0,"href":"https:\/\/archive.sana.sy\/es\/index.php?rest_route=\/wp\/v2\/posts\/192983\/revisions"}],"wp:featuredmedia":[{"embeddable":true,"href":"https:\/\/archive.sana.sy\/es\/index.php?rest_route=\/wp\/v2\/media\/192993"}],"wp:attachment":[{"href":"https:\/\/archive.sana.sy\/es\/index.php?rest_route=%2Fwp%2Fv2%2Fmedia&parent=192983"}],"wp:term":[{"taxonomy":"category","embeddable":true,"href":"https:\/\/archive.sana.sy\/es\/index.php?rest_route=%2Fwp%2Fv2%2Fcategories&post=192983"},{"taxonomy":"post_tag","embeddable":true,"href":"https:\/\/archive.sana.sy\/es\/index.php?rest_route=%2Fwp%2Fv2%2Ftags&post=192983"}],"curies":[{"name":"wp","href":"https:\/\/api.w.org\/{rel}","templated":true}]}}