{"id":193002,"date":"2021-08-15T11:41:49","date_gmt":"2021-08-15T08:41:49","guid":{"rendered":"http:\/\/107.6.182.27\/es\/?p=193002"},"modified":"2023-01-10T15:13:50","modified_gmt":"2023-01-10T13:13:50","slug":"provincia-siria-de-homs-produce-casi-tres-mil-toneladas-de-higos","status":"publish","type":"post","link":"https:\/\/archive.sana.sy\/es\/?p=193002","title":{"rendered":"Provincia siria de Homs produce casi tres mil toneladas de higos"},"content":{"rendered":"<p style=\"text-align: justify;\"><span style=\"color: #800000;\"><strong>Homs, SANA<\/strong><\/span><\/p>\n<p style=\"text-align: justify;\">La Direcci\u00f3n de Agricultura de la provincia central de Homs estim\u00f3 la producci\u00f3n de higos en dos mil 912 toneladas durante la temporada actual.<\/p>\n<p style=\"text-align: justify;\">El director provincial de agricultura, Nazih Al-Rifai, dijo a SANA que el n\u00famero total de \u00e1rboles supera las 16 mil, incluidos 7.863 \u00e1rboles en fase de producci\u00f3n.<\/p>\n<p style=\"text-align: justify;\">Asimismo, estim\u00f3 la producci\u00f3n de nueces en la gobernaci\u00f3n en 778 toneladas.<\/p>\n<p style=\"text-align: justify;\"><strong><span style=\"color: #0000ff;\">fm\/ed<\/span><\/strong><\/p>\n","protected":false},"excerpt":{"rendered":"<p>Homs, SANA La Direcci\u00f3n de Agricultura de la provincia central de Homs estim\u00f3 la producci\u00f3n de higos en dos mil 912 toneladas durante la temporada actual. El director provincial de agricultura, Nazih Al-Rifai, dijo a SANA que el n\u00famero total de \u00e1rboles supera las 16 mil, incluidos 7.863 \u00e1rboles en fase de producci\u00f3n. Asimismo, estim\u00f3 &hellip;<\/p>\n","protected":false},"author":32,"featured_media":193003,"comment_status":"closed","ping_status":"closed","sticky":false,"template":"","format":"standard","meta":{"footnotes":""},"categories":[597,485,476,7541],"tags":[],"class_list":["post-193002","post","type-post","status-publish","format-standard","has-post-thumbnail","","category-cinta-de-noticias","category-informes-negocios-y-finanzas","category-locales","category-ultimas-noticias"],"_links":{"self":[{"href":"https:\/\/archive.sana.sy\/es\/index.php?rest_route=\/wp\/v2\/posts\/193002"}],"collection":[{"href":"https:\/\/archive.sana.sy\/es\/index.php?rest_route=\/wp\/v2\/posts"}],"about":[{"href":"https:\/\/archive.sana.sy\/es\/index.php?rest_route=\/wp\/v2\/types\/post"}],"author":[{"embeddable":true,"href":"https:\/\/archive.sana.sy\/es\/index.php?rest_route=\/wp\/v2\/users\/32"}],"replies":[{"embeddable":true,"href":"https:\/\/archive.sana.sy\/es\/index.php?rest_route=%2Fwp%2Fv2%2Fcomments&post=193002"}],"version-history":[{"count":0,"href":"https:\/\/archive.sana.sy\/es\/index.php?rest_route=\/wp\/v2\/posts\/193002\/revisions"}],"wp:featuredmedia":[{"embeddable":true,"href":"https:\/\/archive.sana.sy\/es\/index.php?rest_route=\/wp\/v2\/media\/193003"}],"wp:attachment":[{"href":"https:\/\/archive.sana.sy\/es\/index.php?rest_route=%2Fwp%2Fv2%2Fmedia&parent=193002"}],"wp:term":[{"taxonomy":"category","embeddable":true,"href":"https:\/\/archive.sana.sy\/es\/index.php?rest_route=%2Fwp%2Fv2%2Fcategories&post=193002"},{"taxonomy":"post_tag","embeddable":true,"href":"https:\/\/archive.sana.sy\/es\/index.php?rest_route=%2Fwp%2Fv2%2Ftags&post=193002"}],"curies":[{"name":"wp","href":"https:\/\/api.w.org\/{rel}","templated":true}]}}