{"id":193090,"date":"2021-08-15T22:19:02","date_gmt":"2021-08-15T19:19:02","guid":{"rendered":"http:\/\/107.6.182.27\/es\/?p=193090"},"modified":"2023-01-12T14:40:35","modified_gmt":"2023-01-12T12:40:35","slug":"presidente-afgano-abandona-el-pais-despues-de-controlar-la-capital-por-los-talibanes","status":"publish","type":"post","link":"https:\/\/archive.sana.sy\/es\/?p=193090","title":{"rendered":"Presidente afgano abandona el pa\u00eds despu\u00e9s de controlar la capital por los talibanes"},"content":{"rendered":"<p style=\"text-align: justify;\"><span style=\"color: #800000;\"><strong>Kabul, SANA<\/strong><\/span><\/p>\n<p style=\"text-align: justify;\">El presidente afgano, Ashraf Ghani, abandon\u00f3 la capital afgana, Kabul, despu\u00e9s de controlarla por los armados de Talib\u00e1n, inform\u00f3 hoy el canal afgano de noticias Tolonews.<\/p>\n<p style=\"text-align: justify;\">&#8220;El presidente Ghani abandon\u00f3 el pa\u00eds despu\u00e9s que los talibanes entraran en la ciudad, y sus ayudantes cercanos se fueron con \u00e9l&#8221;, difundi\u00f3 el canal citando a dos fuentes locales.<\/p>\n<p style=\"text-align: justify;\">En el mismo contexto, varias fuentes informaron que un nuevo consejo de transici\u00f3n asumi\u00f3 la administraci\u00f3n de Afganist\u00e1n tras la salida de Ghani.<\/p>\n<p style=\"text-align: justify;\"><span style=\"color: #0000ff;\"><strong>ah\/fm<\/strong><\/span><\/p>\n","protected":false},"excerpt":{"rendered":"<p>Kabul, SANA El presidente afgano, Ashraf Ghani, abandon\u00f3 la capital afgana, Kabul, despu\u00e9s de controlarla por los armados de Talib\u00e1n, inform\u00f3 hoy el canal afgano de noticias Tolonews. &#8220;El presidente Ghani abandon\u00f3 el pa\u00eds despu\u00e9s que los talibanes entraran en la ciudad, y sus ayudantes cercanos se fueron con \u00e9l&#8221;, difundi\u00f3 el canal citando a &hellip;<\/p>\n","protected":false},"author":30,"featured_media":193091,"comment_status":"closed","ping_status":"closed","sticky":false,"template":"","format":"standard","meta":{"footnotes":""},"categories":[597,456],"tags":[19394],"class_list":["post-193090","post","type-post","status-publish","format-standard","has-post-thumbnail","","category-cinta-de-noticias","category-arabe-internacional-politica","tag-presidente-afgano-abandona-el-pais-despues-de-controlar-la-capital-por-los-talibanes"],"_links":{"self":[{"href":"https:\/\/archive.sana.sy\/es\/index.php?rest_route=\/wp\/v2\/posts\/193090"}],"collection":[{"href":"https:\/\/archive.sana.sy\/es\/index.php?rest_route=\/wp\/v2\/posts"}],"about":[{"href":"https:\/\/archive.sana.sy\/es\/index.php?rest_route=\/wp\/v2\/types\/post"}],"author":[{"embeddable":true,"href":"https:\/\/archive.sana.sy\/es\/index.php?rest_route=\/wp\/v2\/users\/30"}],"replies":[{"embeddable":true,"href":"https:\/\/archive.sana.sy\/es\/index.php?rest_route=%2Fwp%2Fv2%2Fcomments&post=193090"}],"version-history":[{"count":0,"href":"https:\/\/archive.sana.sy\/es\/index.php?rest_route=\/wp\/v2\/posts\/193090\/revisions"}],"wp:featuredmedia":[{"embeddable":true,"href":"https:\/\/archive.sana.sy\/es\/index.php?rest_route=\/wp\/v2\/media\/193091"}],"wp:attachment":[{"href":"https:\/\/archive.sana.sy\/es\/index.php?rest_route=%2Fwp%2Fv2%2Fmedia&parent=193090"}],"wp:term":[{"taxonomy":"category","embeddable":true,"href":"https:\/\/archive.sana.sy\/es\/index.php?rest_route=%2Fwp%2Fv2%2Fcategories&post=193090"},{"taxonomy":"post_tag","embeddable":true,"href":"https:\/\/archive.sana.sy\/es\/index.php?rest_route=%2Fwp%2Fv2%2Ftags&post=193090"}],"curies":[{"name":"wp","href":"https:\/\/api.w.org\/{rel}","templated":true}]}}