{"id":193196,"date":"2021-08-16T19:00:47","date_gmt":"2021-08-16T16:00:47","guid":{"rendered":"http:\/\/107.6.182.27\/es\/?p=193196"},"modified":"2023-01-10T14:27:01","modified_gmt":"2023-01-10T12:27:01","slug":"agencia-sana-lamenta-la-muerte-de-su-corresponsal-de-guerra-shahide-ajeeb","status":"publish","type":"post","link":"https:\/\/archive.sana.sy\/es\/?p=193196","title":{"rendered":"Agencia SANA lamenta la muerte de su corresponsal de guerra, Shahide Ajeeb"},"content":{"rendered":"<p style=\"text-align: justify;\"><span style=\"color: #800000;\"><strong>Damasco, SANA<\/strong><\/span><\/p>\n<p style=\"text-align: justify;\">El Ministerio de Informaci\u00f3n y la Agencia \u00c1rabe Siria de Noticias SANA, lamentaron hoy la muerte de la periodista y corresponsal de guerra, Shahide Ajeeb, quien falleci\u00f3 tras larga lucha por una enfermedad incurable.<\/p>\n<p style=\"text-align: justify;\">Shahidi Ajeeb, naci\u00f3 en la aldea de Nahr al-Bared en la provincia de Hama, y trabaj\u00f3 como corresponsal de guerra desde el comienzo de la guerra terrorista contra Siria, cubriendo los frentes de batalla en todas las regiones, y acompa\u00f1\u00f3 a los soldados del Ej\u00e9rcito \u00c1rabe Sirio.<\/p>\n<p style=\"text-align: justify;\">Todos reconoc\u00edan su gran amor a su pa\u00eds y su dedicaci\u00f3n al trabajo, y continu\u00f3 trabajando incluso despu\u00e9s de su enfermedad a la que resisti\u00f3 con fuerza y vigor, y el \u00faltimo art\u00edculo de ella fue publicado el 11 de este mes.<\/p>\n<p style=\"text-align: justify;\">El personal del Ministerio de Informaci\u00f3n y Agencia SANA expresan su m\u00e1s sentido p\u00e9same a la familia de la fallecida.<\/p>\n<p style=\"text-align: justify;\"><strong><span style=\"color: #0000ff;\">ed\/fm<\/span><\/strong><\/p>\n","protected":false},"excerpt":{"rendered":"<p>Damasco, SANA El Ministerio de Informaci\u00f3n y la Agencia \u00c1rabe Siria de Noticias SANA, lamentaron hoy la muerte de la periodista y corresponsal de guerra, Shahide Ajeeb, quien falleci\u00f3 tras larga lucha por una enfermedad incurable. Shahidi Ajeeb, naci\u00f3 en la aldea de Nahr al-Bared en la provincia de Hama, y trabaj\u00f3 como corresponsal de &hellip;<\/p>\n","protected":false},"author":32,"featured_media":193197,"comment_status":"closed","ping_status":"closed","sticky":false,"template":"","format":"standard","meta":{"footnotes":""},"categories":[477,447,597,476,7541],"tags":[],"class_list":["post-193196","post","type-post","status-publish","format-standard","has-post-thumbnail","","category-noticias-edulcorantes","category-local-politica","category-cinta-de-noticias","category-locales","category-ultimas-noticias"],"_links":{"self":[{"href":"https:\/\/archive.sana.sy\/es\/index.php?rest_route=\/wp\/v2\/posts\/193196"}],"collection":[{"href":"https:\/\/archive.sana.sy\/es\/index.php?rest_route=\/wp\/v2\/posts"}],"about":[{"href":"https:\/\/archive.sana.sy\/es\/index.php?rest_route=\/wp\/v2\/types\/post"}],"author":[{"embeddable":true,"href":"https:\/\/archive.sana.sy\/es\/index.php?rest_route=\/wp\/v2\/users\/32"}],"replies":[{"embeddable":true,"href":"https:\/\/archive.sana.sy\/es\/index.php?rest_route=%2Fwp%2Fv2%2Fcomments&post=193196"}],"version-history":[{"count":0,"href":"https:\/\/archive.sana.sy\/es\/index.php?rest_route=\/wp\/v2\/posts\/193196\/revisions"}],"wp:featuredmedia":[{"embeddable":true,"href":"https:\/\/archive.sana.sy\/es\/index.php?rest_route=\/wp\/v2\/media\/193197"}],"wp:attachment":[{"href":"https:\/\/archive.sana.sy\/es\/index.php?rest_route=%2Fwp%2Fv2%2Fmedia&parent=193196"}],"wp:term":[{"taxonomy":"category","embeddable":true,"href":"https:\/\/archive.sana.sy\/es\/index.php?rest_route=%2Fwp%2Fv2%2Fcategories&post=193196"},{"taxonomy":"post_tag","embeddable":true,"href":"https:\/\/archive.sana.sy\/es\/index.php?rest_route=%2Fwp%2Fv2%2Ftags&post=193196"}],"curies":[{"name":"wp","href":"https:\/\/api.w.org\/{rel}","templated":true}]}}