{"id":193219,"date":"2021-08-16T19:11:29","date_gmt":"2021-08-16T16:11:29","guid":{"rendered":"http:\/\/107.6.182.27\/es\/?p=193219"},"modified":"2021-08-16T19:11:29","modified_gmt":"2021-08-16T16:11:29","slug":"continua-crimen-turco-de-cortar-el-agua-potable-sobre-un-millon-de-sirios","status":"publish","type":"post","link":"https:\/\/archive.sana.sy\/es\/?p=193219","title":{"rendered":"Contin\u00faa crimen turco de cortar el agua potable sobre un mill\u00f3n de sirios"},"content":{"rendered":"<p style=\"text-align: justify;\"><span style=\"color: #800000;\">Hasakeh, SANA<\/span><\/p>\n<p style=\"text-align: justify;\">La milicia proestadounidense Fuerzas Democr\u00e1ticas de Siria (FDS) cort\u00f3 el suministro de electricidad a la planta de agua de \u201cAlouk\u201d en la provincia de Hasakeh.<\/p>\n<p style=\"text-align: justify;\">Esta acci\u00f3n inhumana caus\u00f3 la interrupci\u00f3n completa de la planta que alimenta con agua potable a casi un mill\u00f3n de habitantes en el campo oeste de Hasakeh y su capital provincial hom\u00f3nima.<\/p>\n<p style=\"text-align: justify;\">El director de la Empresa Estatal de Agua, Mahmoud al-Elkeh, comunic\u00f3 a SANA que, durante los d\u00edas anteriores del completo corte, la planta funcionaba al l\u00edmite m\u00ednimo, ya que la ocupaci\u00f3n turca y sus mercenarios robaban la electricidad asignada a la planta.<\/p>\n<p style=\"text-align: justify;\">Se\u00f1al\u00f3 que las instituciones en la provincia, en cooperaci\u00f3n con varias organizaciones humanitarias, contin\u00faan garantizando agua potable a los habitantes mediante tanques instaladas en las calles y parques p\u00fablicos.<\/p>\n<p style=\"text-align: justify;\">Este \u00faltimo corte del agua es el vig\u00e9simo sexto desde que las fuerzas de ocupaci\u00f3n turcas ocuparan la zona.<\/p>\n<p style=\"text-align: justify;\">La planta de agua \u201cAlouk\u201d se alimenta de electricidad de la ciudad de Derbasiyeh a trav\u00e9s de l\u00edneas de tensi\u00f3n de 20 kilovatios. Para su funcionamiento, se le asign\u00f3 siete megavatios, sin embargo, los mercenarios proturcos lo roban para alimentar su cuartel general en la ciudad de Ras Al-Ain.<\/p>\n<p style=\"text-align: justify;\"><span style=\"color: #0000ff;\">rr\/fm<\/span><\/p>\n<div id='gallery-1' class='gallery galleryid-193219 gallery-columns-1 gallery-size-full'><figure class='gallery-item'>\n\t\t\t<div class='gallery-icon landscape'>\n\t\t\t\t<a href='https:\/\/archive.sana.sy\/es\/wp-content\/uploads\/2021\/08\/photo_2021-08-16_17-04-10-scaled.jpg'><img loading=\"lazy\" decoding=\"async\" width=\"2560\" height=\"1402\" src=\"https:\/\/archive.sana.sy\/es\/wp-content\/uploads\/2021\/08\/photo_2021-08-16_17-04-10-scaled.jpg\" class=\"attachment-full size-full\" alt=\"\" srcset=\"https:\/\/archive.sana.sy\/es\/wp-content\/uploads\/2021\/08\/photo_2021-08-16_17-04-10-scaled.jpg 2560w, https:\/\/archive.sana.sy\/es\/wp-content\/uploads\/2021\/08\/photo_2021-08-16_17-04-10-300x164.jpg 300w, https:\/\/archive.sana.sy\/es\/wp-content\/uploads\/2021\/08\/photo_2021-08-16_17-04-10-1024x561.jpg 1024w, https:\/\/archive.sana.sy\/es\/wp-content\/uploads\/2021\/08\/photo_2021-08-16_17-04-10-150x82.jpg 150w, https:\/\/archive.sana.sy\/es\/wp-content\/uploads\/2021\/08\/photo_2021-08-16_17-04-10-768x421.jpg 768w, https:\/\/archive.sana.sy\/es\/wp-content\/uploads\/2021\/08\/photo_2021-08-16_17-04-10-1536x841.jpg 1536w, https:\/\/archive.sana.sy\/es\/wp-content\/uploads\/2021\/08\/photo_2021-08-16_17-04-10-2048x1122.jpg 2048w\" sizes=\"(max-width: 2560px) 100vw, 2560px\" \/><\/a>\n\t\t\t<\/div><\/figure><figure class='gallery-item'>\n\t\t\t<div class='gallery-icon landscape'>\n\t\t\t\t<a href='https:\/\/archive.sana.sy\/es\/wp-content\/uploads\/2021\/08\/photo_2021-08-16_17-04-16-scaled.jpg'><img loading=\"lazy\" decoding=\"async\" width=\"2560\" height=\"1440\" src=\"https:\/\/archive.sana.sy\/es\/wp-content\/uploads\/2021\/08\/photo_2021-08-16_17-04-16-scaled.jpg\" class=\"attachment-full size-full\" alt=\"\" srcset=\"https:\/\/archive.sana.sy\/es\/wp-content\/uploads\/2021\/08\/photo_2021-08-16_17-04-16-scaled.jpg 2560w, https:\/\/archive.sana.sy\/es\/wp-content\/uploads\/2021\/08\/photo_2021-08-16_17-04-16-300x169.jpg 300w, https:\/\/archive.sana.sy\/es\/wp-content\/uploads\/2021\/08\/photo_2021-08-16_17-04-16-1024x576.jpg 1024w, https:\/\/archive.sana.sy\/es\/wp-content\/uploads\/2021\/08\/photo_2021-08-16_17-04-16-150x84.jpg 150w, https:\/\/archive.sana.sy\/es\/wp-content\/uploads\/2021\/08\/photo_2021-08-16_17-04-16-768x432.jpg 768w, https:\/\/archive.sana.sy\/es\/wp-content\/uploads\/2021\/08\/photo_2021-08-16_17-04-16-1536x864.jpg 1536w, https:\/\/archive.sana.sy\/es\/wp-content\/uploads\/2021\/08\/photo_2021-08-16_17-04-16-2048x1152.jpg 2048w\" sizes=\"(max-width: 2560px) 100vw, 2560px\" \/><\/a>\n\t\t\t<\/div><\/figure><figure class='gallery-item'>\n\t\t\t<div class='gallery-icon landscape'>\n\t\t\t\t<a href='https:\/\/archive.sana.sy\/es\/wp-content\/uploads\/2021\/08\/photo_2021-08-16_17-04-13-scaled.jpg'><img loading=\"lazy\" decoding=\"async\" width=\"2560\" height=\"1440\" src=\"https:\/\/archive.sana.sy\/es\/wp-content\/uploads\/2021\/08\/photo_2021-08-16_17-04-13-scaled.jpg\" class=\"attachment-full size-full\" alt=\"\" srcset=\"https:\/\/archive.sana.sy\/es\/wp-content\/uploads\/2021\/08\/photo_2021-08-16_17-04-13-scaled.jpg 2560w, https:\/\/archive.sana.sy\/es\/wp-content\/uploads\/2021\/08\/photo_2021-08-16_17-04-13-300x169.jpg 300w, https:\/\/archive.sana.sy\/es\/wp-content\/uploads\/2021\/08\/photo_2021-08-16_17-04-13-1024x576.jpg 1024w, https:\/\/archive.sana.sy\/es\/wp-content\/uploads\/2021\/08\/photo_2021-08-16_17-04-13-150x84.jpg 150w, https:\/\/archive.sana.sy\/es\/wp-content\/uploads\/2021\/08\/photo_2021-08-16_17-04-13-768x432.jpg 768w, https:\/\/archive.sana.sy\/es\/wp-content\/uploads\/2021\/08\/photo_2021-08-16_17-04-13-1536x864.jpg 1536w, https:\/\/archive.sana.sy\/es\/wp-content\/uploads\/2021\/08\/photo_2021-08-16_17-04-13-2048x1152.jpg 2048w\" sizes=\"(max-width: 2560px) 100vw, 2560px\" \/><\/a>\n\t\t\t<\/div><\/figure>\n\t\t<\/div>\n\n","protected":false},"excerpt":{"rendered":"<p>Hasakeh, SANA La milicia proestadounidense Fuerzas Democr\u00e1ticas de Siria (FDS) cort\u00f3 el suministro de electricidad a la planta de agua de \u201cAlouk\u201d en la provincia de Hasakeh. Esta acci\u00f3n inhumana caus\u00f3 la interrupci\u00f3n completa de la planta que alimenta con agua potable a casi un mill\u00f3n de habitantes en el campo oeste de Hasakeh y &hellip;<\/p>\n","protected":false},"author":31,"featured_media":193224,"comment_status":"closed","ping_status":"closed","sticky":false,"template":"","format":"standard","meta":{"footnotes":""},"categories":[597,573,476,7541],"tags":[],"class_list":["post-193219","post","type-post","status-publish","format-standard","has-post-thumbnail","","category-cinta-de-noticias","category-la-realidad-de-los-acontecimientos-en-siria","category-locales","category-ultimas-noticias"],"_links":{"self":[{"href":"https:\/\/archive.sana.sy\/es\/index.php?rest_route=\/wp\/v2\/posts\/193219"}],"collection":[{"href":"https:\/\/archive.sana.sy\/es\/index.php?rest_route=\/wp\/v2\/posts"}],"about":[{"href":"https:\/\/archive.sana.sy\/es\/index.php?rest_route=\/wp\/v2\/types\/post"}],"author":[{"embeddable":true,"href":"https:\/\/archive.sana.sy\/es\/index.php?rest_route=\/wp\/v2\/users\/31"}],"replies":[{"embeddable":true,"href":"https:\/\/archive.sana.sy\/es\/index.php?rest_route=%2Fwp%2Fv2%2Fcomments&post=193219"}],"version-history":[{"count":0,"href":"https:\/\/archive.sana.sy\/es\/index.php?rest_route=\/wp\/v2\/posts\/193219\/revisions"}],"wp:featuredmedia":[{"embeddable":true,"href":"https:\/\/archive.sana.sy\/es\/index.php?rest_route=\/wp\/v2\/media\/193224"}],"wp:attachment":[{"href":"https:\/\/archive.sana.sy\/es\/index.php?rest_route=%2Fwp%2Fv2%2Fmedia&parent=193219"}],"wp:term":[{"taxonomy":"category","embeddable":true,"href":"https:\/\/archive.sana.sy\/es\/index.php?rest_route=%2Fwp%2Fv2%2Fcategories&post=193219"},{"taxonomy":"post_tag","embeddable":true,"href":"https:\/\/archive.sana.sy\/es\/index.php?rest_route=%2Fwp%2Fv2%2Ftags&post=193219"}],"curies":[{"name":"wp","href":"https:\/\/api.w.org\/{rel}","templated":true}]}}