{"id":193226,"date":"2021-08-16T19:52:24","date_gmt":"2021-08-16T16:52:24","guid":{"rendered":"http:\/\/107.6.182.27\/es\/?p=193226"},"modified":"2021-08-16T19:52:24","modified_gmt":"2021-08-16T16:52:24","slug":"residentes-de-deraa-piden-poner-fin-a-presencia-terrorista","status":"publish","type":"post","link":"https:\/\/archive.sana.sy\/es\/?p=193226","title":{"rendered":"Residentes de Deraa piden poner fin a presencia terrorista"},"content":{"rendered":"<p><span style=\"color: #800000;\">Deraa, SANA<\/span><\/p>\n<p style=\"text-align: justify;\">Por cuarta semana consecutiva, los grupos terroristas presentes en la ciudad de Deraa, la capital provincial hom\u00f3nima, persisten en su rechazo a la reconciliaci\u00f3n y poner fin a su criminal presencia en esta urbe.<\/p>\n<p style=\"text-align: justify;\">La intransigencia de estos grupos hostiles afecta negativamente la seguridad y estabilidad instauradas desde que el Ej\u00e9rcito \u00c1rabe Sirio retom\u00f3 el control de la zona en 2018.<\/p>\n<p style=\"text-align: justify;\">El rechazo de la reconciliaci\u00f3n coincide con las declaraciones de varios pa\u00edses de la Uni\u00f3n Europea encaminadas a distorsionar la realidad de lo que sucede en Siria.<\/p>\n<p style=\"text-align: justify;\">Ante tal situaci\u00f3n, aumentan las demandas de los habitantes para acabar con la presencia de terroristas que perturban la vida en Deraa, seg\u00fan informaron los ciudadanos al corresponsal de SANA.<\/p>\n<p style=\"text-align: justify;\">\u201cSe puede lograr la estabilidad s\u00f3lo cuando los terroristas entreguen sus armas y cuando el ej\u00e9rcito sirio despliega sus tropas de nuevo en la ciudad\u201d, indicaron.<\/p>\n<p style=\"text-align: justify;\">Buscados, forajidos y remanentes de grupos terroristas se refugian en el barrio Deraa al-Balad y atacan las zonas vecinas de vez en cuando con morteros, bombas y ametralladoras, provocando la muerte de varios civiles y soldados durante los \u00faltimos meses.<\/p>\n<p style=\"text-align: justify;\">Durante los dos \u00faltimos a\u00f1os, se observ\u00f3 una consolidaci\u00f3n de la normalidad en gobernaci\u00f3n de Daraa, y adem\u00e1s, presenci\u00f3 decenas de proyectos agr\u00edcolas e industriales tras a\u00f1os de interrupci\u00f3n debido al terrorismo.<\/p>\n<p><span style=\"color: #0000ff;\">rr\/fm<\/span><\/p>\n","protected":false},"excerpt":{"rendered":"<p>Deraa, SANA Por cuarta semana consecutiva, los grupos terroristas presentes en la ciudad de Deraa, la capital provincial hom\u00f3nima, persisten en su rechazo a la reconciliaci\u00f3n y poner fin a su criminal presencia en esta urbe. La intransigencia de estos grupos hostiles afecta negativamente la seguridad y estabilidad instauradas desde que el Ej\u00e9rcito \u00c1rabe Sirio &hellip;<\/p>\n","protected":false},"author":31,"featured_media":193227,"comment_status":"closed","ping_status":"closed","sticky":false,"template":"","format":"standard","meta":{"footnotes":""},"categories":[597,573,476,7541],"tags":[],"class_list":["post-193226","post","type-post","status-publish","format-standard","has-post-thumbnail","","category-cinta-de-noticias","category-la-realidad-de-los-acontecimientos-en-siria","category-locales","category-ultimas-noticias"],"_links":{"self":[{"href":"https:\/\/archive.sana.sy\/es\/index.php?rest_route=\/wp\/v2\/posts\/193226"}],"collection":[{"href":"https:\/\/archive.sana.sy\/es\/index.php?rest_route=\/wp\/v2\/posts"}],"about":[{"href":"https:\/\/archive.sana.sy\/es\/index.php?rest_route=\/wp\/v2\/types\/post"}],"author":[{"embeddable":true,"href":"https:\/\/archive.sana.sy\/es\/index.php?rest_route=\/wp\/v2\/users\/31"}],"replies":[{"embeddable":true,"href":"https:\/\/archive.sana.sy\/es\/index.php?rest_route=%2Fwp%2Fv2%2Fcomments&post=193226"}],"version-history":[{"count":0,"href":"https:\/\/archive.sana.sy\/es\/index.php?rest_route=\/wp\/v2\/posts\/193226\/revisions"}],"wp:featuredmedia":[{"embeddable":true,"href":"https:\/\/archive.sana.sy\/es\/index.php?rest_route=\/wp\/v2\/media\/193227"}],"wp:attachment":[{"href":"https:\/\/archive.sana.sy\/es\/index.php?rest_route=%2Fwp%2Fv2%2Fmedia&parent=193226"}],"wp:term":[{"taxonomy":"category","embeddable":true,"href":"https:\/\/archive.sana.sy\/es\/index.php?rest_route=%2Fwp%2Fv2%2Fcategories&post=193226"},{"taxonomy":"post_tag","embeddable":true,"href":"https:\/\/archive.sana.sy\/es\/index.php?rest_route=%2Fwp%2Fv2%2Ftags&post=193226"}],"curies":[{"name":"wp","href":"https:\/\/api.w.org\/{rel}","templated":true}]}}