{"id":193327,"date":"2021-08-17T19:21:01","date_gmt":"2021-08-17T16:21:01","guid":{"rendered":"http:\/\/107.6.182.27\/es\/?p=193327"},"modified":"2023-01-12T14:40:34","modified_gmt":"2023-01-12T12:40:34","slug":"aviacion-iraqui-neutraliza-dos-terroristas-de-daesh-en-gobernacion-de-kirkuk","status":"publish","type":"post","link":"https:\/\/archive.sana.sy\/es\/?p=193327","title":{"rendered":"Aviaci\u00f3n iraqu\u00ed neutraliza dos terroristas de Daesh en gobernaci\u00f3n de Kirkuk"},"content":{"rendered":"<p style=\"text-align: justify\"><span style=\"color: #800000\">Bagdad, SANA<\/span><\/p>\n<p style=\"text-align: justify\">Dos terroristas de Daesh fueron neutralizados hoy el martes en la gobernaci\u00f3n de Kirkuk, al norte de Irak, seg\u00fan inform\u00f3 la agencia \u201cAlsumaria\u201d.<\/p>\n<p style=\"text-align: justify\">&#8220;La aviaci\u00f3n del Ej\u00e9rcito logr\u00f3 abatir a dos terroristas de las bandas de Daesh mientras realizaba un operativo de reconocimiento, b\u00fasqueda, inspecci\u00f3n y apoyo a las fuerzas de seguridad en Kirkuk\u201d, cit\u00f3 la agencia al Ministerio de Defensa iraqu\u00ed.<\/p>\n<p style=\"text-align: justify\">En el mismo contexto, el Centro de Informaci\u00f3n de Seguridad iraqu\u00ed anunci\u00f3 hoy haber encontrado tres escondites de la organizaci\u00f3n terrorista en Tarmiyah, al norte de Bagdad.<\/p>\n<p style=\"text-align: justify\">Indic\u00f3 en un comunicado que las fuerzas iraqu\u00edes lograron capturar a uno de los terroristas en la misma zona.<\/p>\n<p style=\"text-align: justify\"><em><strong>la<\/strong><\/em><\/p>\n","protected":false},"excerpt":{"rendered":"<p>Bagdad, SANA Dos terroristas de Daesh fueron neutralizados hoy el martes en la gobernaci\u00f3n de Kirkuk, al norte de Irak, seg\u00fan inform\u00f3 la agencia \u201cAlsumaria\u201d. &#8220;La aviaci\u00f3n del Ej\u00e9rcito logr\u00f3 abatir a dos terroristas de las bandas de Daesh mientras realizaba un operativo de reconocimiento, b\u00fasqueda, inspecci\u00f3n y apoyo a las fuerzas de seguridad en &hellip;<\/p>\n","protected":false},"author":24,"featured_media":193328,"comment_status":"closed","ping_status":"closed","sticky":false,"template":"","format":"standard","meta":{"footnotes":""},"categories":[597,456],"tags":[],"class_list":["post-193327","post","type-post","status-publish","format-standard","has-post-thumbnail","","category-cinta-de-noticias","category-arabe-internacional-politica"],"_links":{"self":[{"href":"https:\/\/archive.sana.sy\/es\/index.php?rest_route=\/wp\/v2\/posts\/193327"}],"collection":[{"href":"https:\/\/archive.sana.sy\/es\/index.php?rest_route=\/wp\/v2\/posts"}],"about":[{"href":"https:\/\/archive.sana.sy\/es\/index.php?rest_route=\/wp\/v2\/types\/post"}],"author":[{"embeddable":true,"href":"https:\/\/archive.sana.sy\/es\/index.php?rest_route=\/wp\/v2\/users\/24"}],"replies":[{"embeddable":true,"href":"https:\/\/archive.sana.sy\/es\/index.php?rest_route=%2Fwp%2Fv2%2Fcomments&post=193327"}],"version-history":[{"count":0,"href":"https:\/\/archive.sana.sy\/es\/index.php?rest_route=\/wp\/v2\/posts\/193327\/revisions"}],"wp:featuredmedia":[{"embeddable":true,"href":"https:\/\/archive.sana.sy\/es\/index.php?rest_route=\/wp\/v2\/media\/193328"}],"wp:attachment":[{"href":"https:\/\/archive.sana.sy\/es\/index.php?rest_route=%2Fwp%2Fv2%2Fmedia&parent=193327"}],"wp:term":[{"taxonomy":"category","embeddable":true,"href":"https:\/\/archive.sana.sy\/es\/index.php?rest_route=%2Fwp%2Fv2%2Fcategories&post=193327"},{"taxonomy":"post_tag","embeddable":true,"href":"https:\/\/archive.sana.sy\/es\/index.php?rest_route=%2Fwp%2Fv2%2Ftags&post=193327"}],"curies":[{"name":"wp","href":"https:\/\/api.w.org\/{rel}","templated":true}]}}