{"id":193338,"date":"2021-08-17T21:34:56","date_gmt":"2021-08-17T18:34:56","guid":{"rendered":"http:\/\/107.6.182.27\/es\/?p=193338"},"modified":"2023-01-10T14:26:59","modified_gmt":"2023-01-10T12:26:59","slug":"rusia-entrega-ayuda-alimentaria-en-provincia-siria-de-deraa","status":"publish","type":"post","link":"https:\/\/archive.sana.sy\/es\/?p=193338","title":{"rendered":"Rusia entrega ayuda alimentaria en provincia siria de Deraa"},"content":{"rendered":"<p><strong><span style=\"color: #800000;\">Deraa, SANA<\/span><\/strong><\/p>\n<p style=\"text-align: justify;\">Fue distribuida hoy ayuda alimentaria proporcionada por la Federaci\u00f3n de Rusia a los residentes del centro de alojamiento temporal de Maisaloun, que se encuentra en la provincia de Deraa en el sur de Siria.<\/p>\n<p style=\"text-align: justify;\">El miembro de la Oficina Ejecutiva del Consejo Provincial de Deraa, Abdullah Al-Falah, dijo que la ayuda es una muestra de las profundas relaciones entre los pueblos el sirio y el ruso.<\/p>\n<p style=\"text-align: justify;\">En el mismo contexto, se instal\u00f3 un punto m\u00e9dico para brindar servicios de atenci\u00f3n m\u00e9dica a los residentes del centro.<\/p>\n<p><strong><span style=\"color: #0000ff;\">mm\/fm<\/span><\/strong><\/p>\n","protected":false},"excerpt":{"rendered":"<p>Deraa, SANA Fue distribuida hoy ayuda alimentaria proporcionada por la Federaci\u00f3n de Rusia a los residentes del centro de alojamiento temporal de Maisaloun, que se encuentra en la provincia de Deraa en el sur de Siria. El miembro de la Oficina Ejecutiva del Consejo Provincial de Deraa, Abdullah Al-Falah, dijo que la ayuda es una &hellip;<\/p>\n","protected":false},"author":36,"featured_media":193356,"comment_status":"closed","ping_status":"closed","sticky":false,"template":"","format":"standard","meta":{"footnotes":""},"categories":[477,447,597,476,457,467,7541],"tags":[],"class_list":["post-193338","post","type-post","status-publish","format-standard","has-post-thumbnail","","category-noticias-edulcorantes","category-local-politica","category-cinta-de-noticias","category-locales","category-noticias-arabe-internacional-politica","category-siria-y-el-mundo","category-ultimas-noticias"],"_links":{"self":[{"href":"https:\/\/archive.sana.sy\/es\/index.php?rest_route=\/wp\/v2\/posts\/193338"}],"collection":[{"href":"https:\/\/archive.sana.sy\/es\/index.php?rest_route=\/wp\/v2\/posts"}],"about":[{"href":"https:\/\/archive.sana.sy\/es\/index.php?rest_route=\/wp\/v2\/types\/post"}],"author":[{"embeddable":true,"href":"https:\/\/archive.sana.sy\/es\/index.php?rest_route=\/wp\/v2\/users\/36"}],"replies":[{"embeddable":true,"href":"https:\/\/archive.sana.sy\/es\/index.php?rest_route=%2Fwp%2Fv2%2Fcomments&post=193338"}],"version-history":[{"count":0,"href":"https:\/\/archive.sana.sy\/es\/index.php?rest_route=\/wp\/v2\/posts\/193338\/revisions"}],"wp:featuredmedia":[{"embeddable":true,"href":"https:\/\/archive.sana.sy\/es\/index.php?rest_route=\/wp\/v2\/media\/193356"}],"wp:attachment":[{"href":"https:\/\/archive.sana.sy\/es\/index.php?rest_route=%2Fwp%2Fv2%2Fmedia&parent=193338"}],"wp:term":[{"taxonomy":"category","embeddable":true,"href":"https:\/\/archive.sana.sy\/es\/index.php?rest_route=%2Fwp%2Fv2%2Fcategories&post=193338"},{"taxonomy":"post_tag","embeddable":true,"href":"https:\/\/archive.sana.sy\/es\/index.php?rest_route=%2Fwp%2Fv2%2Ftags&post=193338"}],"curies":[{"name":"wp","href":"https:\/\/api.w.org\/{rel}","templated":true}]}}