{"id":19357,"date":"2015-03-11T22:46:22","date_gmt":"2015-03-11T20:46:22","guid":{"rendered":"http:\/\/www.sana.sy\/es\/?p=19357"},"modified":"2015-03-11T22:46:22","modified_gmt":"2015-03-11T20:46:22","slug":"la-onu-tiene-previsto-enviar-un-representante-a-moscu-para-participar-en-el-la-segunda-ronda-de-dialogo-sirio-sirio","status":"publish","type":"post","link":"https:\/\/archive.sana.sy\/es\/?p=19357","title":{"rendered":"La ONU tiene previsto enviar un representante a Mosc\u00fa para participar en el La segunda ronda de di\u00e1logo sirio-sirio"},"content":{"rendered":"<p><span style=\"color: #000000\">Naciones Unidas- SANA<\/span><\/p>\n<p style=\"text-align: justify\">La Organizaci\u00f3n de las Naciones Unidas anunci\u00f3 que enviar\u00e1 un representante a Mosc\u00fa para participar en la segunda jornada consultiva del di\u00e1logo sirio sirio planificada para el pr\u00f3ximo mes de abril.<\/p>\n<p style=\"text-align: justify\">El portavoz del secretario general de la Organizaci\u00f3n Internacional Stefan Dogarrik dijo \u201cHemos dicho que damos la bienvenida a todos los esfuerzos para encontrar una soluci\u00f3n pol\u00edtica negociada a la crisis en Siria\u201d.<\/p>\n<p style=\"text-align: justify\">Dogarrik se\u00f1al\u00f3 que las Naciones Unidas est\u00e1 discutiendo con las autoridades rusas el tema de la celebraci\u00f3n de la segunda ronda de consultas en Mosc\u00fa, confirmando la intenci\u00f3n de la organizaci\u00f3n internacional para asistir.<\/p>\n<p><span style=\"color: #800000\">M.Miri, Riad.Sh<\/span><\/p>\n","protected":false},"excerpt":{"rendered":"<p>Naciones Unidas- SANA La Organizaci\u00f3n de las Naciones Unidas anunci\u00f3 que enviar\u00e1 un representante a Mosc\u00fa para participar en la segunda jornada consultiva del di\u00e1logo sirio sirio planificada para el pr\u00f3ximo mes de abril. El portavoz del secretario general de la Organizaci\u00f3n Internacional Stefan Dogarrik dijo \u201cHemos dicho que damos la bienvenida a todos los &hellip;<\/p>\n","protected":false},"author":1,"featured_media":19358,"comment_status":"closed","ping_status":"closed","sticky":false,"template":"","format":"standard","meta":{"footnotes":""},"categories":[597,456,457,576],"tags":[4387],"class_list":["post-19357","post","type-post","status-publish","format-standard","has-post-thumbnail","","category-cinta-de-noticias","category-arabe-internacional-politica","category-noticias-arabe-internacional-politica","category-noticias-politicas","tag-la-onu-tiene-previsto-enviar-un-representante-a-moscu-para-participar-en-el-la-segunda-ronda-de-dialogo-sirio-sirio"],"_links":{"self":[{"href":"https:\/\/archive.sana.sy\/es\/index.php?rest_route=\/wp\/v2\/posts\/19357"}],"collection":[{"href":"https:\/\/archive.sana.sy\/es\/index.php?rest_route=\/wp\/v2\/posts"}],"about":[{"href":"https:\/\/archive.sana.sy\/es\/index.php?rest_route=\/wp\/v2\/types\/post"}],"author":[{"embeddable":true,"href":"https:\/\/archive.sana.sy\/es\/index.php?rest_route=\/wp\/v2\/users\/1"}],"replies":[{"embeddable":true,"href":"https:\/\/archive.sana.sy\/es\/index.php?rest_route=%2Fwp%2Fv2%2Fcomments&post=19357"}],"version-history":[{"count":0,"href":"https:\/\/archive.sana.sy\/es\/index.php?rest_route=\/wp\/v2\/posts\/19357\/revisions"}],"wp:featuredmedia":[{"embeddable":true,"href":"https:\/\/archive.sana.sy\/es\/index.php?rest_route=\/wp\/v2\/media\/19358"}],"wp:attachment":[{"href":"https:\/\/archive.sana.sy\/es\/index.php?rest_route=%2Fwp%2Fv2%2Fmedia&parent=19357"}],"wp:term":[{"taxonomy":"category","embeddable":true,"href":"https:\/\/archive.sana.sy\/es\/index.php?rest_route=%2Fwp%2Fv2%2Fcategories&post=19357"},{"taxonomy":"post_tag","embeddable":true,"href":"https:\/\/archive.sana.sy\/es\/index.php?rest_route=%2Fwp%2Fv2%2Ftags&post=19357"}],"curies":[{"name":"wp","href":"https:\/\/api.w.org\/{rel}","templated":true}]}}