{"id":193572,"date":"2021-08-19T20:07:35","date_gmt":"2021-08-19T17:07:35","guid":{"rendered":"http:\/\/107.6.182.27\/es\/?p=193572"},"modified":"2023-01-10T14:26:56","modified_gmt":"2023-01-10T12:26:56","slug":"resultan-heridos-dos-militantes-de-fds-por-explosion-en-carretera-qamishli-amuda","status":"publish","type":"post","link":"https:\/\/archive.sana.sy\/es\/?p=193572","title":{"rendered":"Resultan heridos dos militantes de FDS por explosi\u00f3n en carretera Qamishli-Amuda"},"content":{"rendered":"<p style=\"text-align: justify;\"><span style=\"color: #800000;\"><strong>Hasakeh, SANA<\/strong><\/span><\/p>\n<p style=\"text-align: justify;\">Dos integrantes de la milicia pro estadounidense FDS resultaron heridos por la explosi\u00f3n de una carga explosiva al paso de su coche en la carretera Qamishli-Amuda en el campo oeste de la ciudad de Qamishli.<\/p>\n<p style=\"text-align: justify;\">Activistas locales informaron a SANA que facciones populares apuntaron con un artefacto explosivo contra un coche perteneciente a la milicia FDS, lo cual provoc\u00f3 la lesi\u00f3n de dos miembros de la milicia y caus\u00f3 la incineraci\u00f3n del coche.<\/p>\n<p style=\"text-align: justify;\">En la v\u00edspera, facciones populares atacaron con ametralladoras un puesto de la FDS en el poblado al-Kashkiya en el campo oriental de Deir Ezzor, por el cual un armado perdi\u00f3 la vida y otro result\u00f3 herido.<\/p>\n<p style=\"text-align: justify;\"><span style=\"color: #0000ff;\"><strong>sm\/rsh<\/strong><\/span><\/p>\n","protected":false},"excerpt":{"rendered":"<p>Hasakeh, SANA Dos integrantes de la milicia pro estadounidense FDS resultaron heridos por la explosi\u00f3n de una carga explosiva al paso de su coche en la carretera Qamishli-Amuda en el campo oeste de la ciudad de Qamishli. Activistas locales informaron a SANA que facciones populares apuntaron con un artefacto explosivo contra un coche perteneciente a &hellip;<\/p>\n","protected":false},"author":39,"featured_media":193573,"comment_status":"closed","ping_status":"closed","sticky":false,"template":"","format":"standard","meta":{"footnotes":""},"categories":[477,447,597,573,7541],"tags":[],"class_list":["post-193572","post","type-post","status-publish","format-standard","has-post-thumbnail","","category-noticias-edulcorantes","category-local-politica","category-cinta-de-noticias","category-la-realidad-de-los-acontecimientos-en-siria","category-ultimas-noticias"],"_links":{"self":[{"href":"https:\/\/archive.sana.sy\/es\/index.php?rest_route=\/wp\/v2\/posts\/193572"}],"collection":[{"href":"https:\/\/archive.sana.sy\/es\/index.php?rest_route=\/wp\/v2\/posts"}],"about":[{"href":"https:\/\/archive.sana.sy\/es\/index.php?rest_route=\/wp\/v2\/types\/post"}],"author":[{"embeddable":true,"href":"https:\/\/archive.sana.sy\/es\/index.php?rest_route=\/wp\/v2\/users\/39"}],"replies":[{"embeddable":true,"href":"https:\/\/archive.sana.sy\/es\/index.php?rest_route=%2Fwp%2Fv2%2Fcomments&post=193572"}],"version-history":[{"count":0,"href":"https:\/\/archive.sana.sy\/es\/index.php?rest_route=\/wp\/v2\/posts\/193572\/revisions"}],"wp:featuredmedia":[{"embeddable":true,"href":"https:\/\/archive.sana.sy\/es\/index.php?rest_route=\/wp\/v2\/media\/193573"}],"wp:attachment":[{"href":"https:\/\/archive.sana.sy\/es\/index.php?rest_route=%2Fwp%2Fv2%2Fmedia&parent=193572"}],"wp:term":[{"taxonomy":"category","embeddable":true,"href":"https:\/\/archive.sana.sy\/es\/index.php?rest_route=%2Fwp%2Fv2%2Fcategories&post=193572"},{"taxonomy":"post_tag","embeddable":true,"href":"https:\/\/archive.sana.sy\/es\/index.php?rest_route=%2Fwp%2Fv2%2Ftags&post=193572"}],"curies":[{"name":"wp","href":"https:\/\/api.w.org\/{rel}","templated":true}]}}