{"id":19367,"date":"2015-03-12T12:16:35","date_gmt":"2015-03-12T10:16:35","guid":{"rendered":"http:\/\/www.sana.sy\/es\/?p=19367"},"modified":"2015-03-12T12:17:30","modified_gmt":"2015-03-12T10:17:30","slug":"caen-martires-en-la-explosion-de-un-coche-bomba-en-homs","status":"publish","type":"post","link":"https:\/\/archive.sana.sy\/es\/?p=19367","title":{"rendered":"Cuatro m\u00e1rtires en un atentado suicida con coche-bomba en Homs"},"content":{"rendered":"<div><span style=\"color: #ff0000\">Homs, SANA<\/span><\/div>\n<div>\n<div><span lang=\"ES-TRAD\">\u00a0<\/span><\/div>\n<div><span lang=\"ES-TRAD\">Un terrorista suicida hizo estallar un coche bomba este jueves, en un puesto de control del ej\u00e9rcito en la carretera Homs-Palmira.<\/span><\/div>\n<div><span lang=\"ES-TRAD\">\u00a0<\/span><\/div>\n<div><span lang=\"ES-TRAD\">Una fuente en la Gobernaci\u00f3n de Homs inform\u00f3 que el atentado caus\u00f3 la muerte de cuatro personas e hiri\u00f3 a otras 15, algunos son est\u00e1n en estado grave.<\/span><\/div>\n<div><span lang=\"ES-TRAD\">\u00a0<\/span><\/div>\n<div><span lang=\"ES-TRAD\">La fuente agreg\u00f3 que el veh\u00edculo que hizo estallar el terrorista, es una furgoneta y fue minada con m\u00e1s de una tonelada y media de explosivos<\/span><span lang=\"ES-TRAD\">.<\/span><\/div>\n<div><span lang=\"ES-TRAD\">\u00a0<\/span><\/div>\n<div><span lang=\"ES-TRAD\">El punto de control que fue blanco del ataque, est\u00e1 ubicada a 75 km al este de la localidad de al-Furqlus, en la carretera entre Homs y Palmira.<\/span><\/div>\n<\/div>\n<div><span style=\"color: #00ccff\">Fady M., Hala B.<\/span><\/div>\n","protected":false},"excerpt":{"rendered":"<p>Homs, SANA \u00a0 Un terrorista suicida hizo estallar un coche bomba este jueves, en un puesto de control del ej\u00e9rcito en la carretera Homs-Palmira. \u00a0 Una fuente en la Gobernaci\u00f3n de Homs inform\u00f3 que el atentado caus\u00f3 la muerte de cuatro personas e hiri\u00f3 a otras 15, algunos son est\u00e1n en estado grave. \u00a0 La &hellip;<\/p>\n","protected":false},"author":1,"featured_media":19368,"comment_status":"closed","ping_status":"closed","sticky":false,"template":"","format":"standard","meta":{"footnotes":""},"categories":[477,476],"tags":[4391,4392],"class_list":["post-19367","post","type-post","status-publish","format-standard","has-post-thumbnail","","category-noticias-edulcorantes","category-locales","tag-caen-martires-en-la-explosion-de-un-coche-bomba-en-homs","tag-cuatro-martires-en-un-atentado-suicida-con-coche-bomba-en-homs"],"_links":{"self":[{"href":"https:\/\/archive.sana.sy\/es\/index.php?rest_route=\/wp\/v2\/posts\/19367"}],"collection":[{"href":"https:\/\/archive.sana.sy\/es\/index.php?rest_route=\/wp\/v2\/posts"}],"about":[{"href":"https:\/\/archive.sana.sy\/es\/index.php?rest_route=\/wp\/v2\/types\/post"}],"author":[{"embeddable":true,"href":"https:\/\/archive.sana.sy\/es\/index.php?rest_route=\/wp\/v2\/users\/1"}],"replies":[{"embeddable":true,"href":"https:\/\/archive.sana.sy\/es\/index.php?rest_route=%2Fwp%2Fv2%2Fcomments&post=19367"}],"version-history":[{"count":0,"href":"https:\/\/archive.sana.sy\/es\/index.php?rest_route=\/wp\/v2\/posts\/19367\/revisions"}],"wp:featuredmedia":[{"embeddable":true,"href":"https:\/\/archive.sana.sy\/es\/index.php?rest_route=\/wp\/v2\/media\/19368"}],"wp:attachment":[{"href":"https:\/\/archive.sana.sy\/es\/index.php?rest_route=%2Fwp%2Fv2%2Fmedia&parent=19367"}],"wp:term":[{"taxonomy":"category","embeddable":true,"href":"https:\/\/archive.sana.sy\/es\/index.php?rest_route=%2Fwp%2Fv2%2Fcategories&post=19367"},{"taxonomy":"post_tag","embeddable":true,"href":"https:\/\/archive.sana.sy\/es\/index.php?rest_route=%2Fwp%2Fv2%2Ftags&post=19367"}],"curies":[{"name":"wp","href":"https:\/\/api.w.org\/{rel}","templated":true}]}}