{"id":193737,"date":"2021-08-20T16:15:41","date_gmt":"2021-08-20T13:15:41","guid":{"rendered":"http:\/\/107.6.182.27\/es\/?p=193737"},"modified":"2021-08-20T16:40:34","modified_gmt":"2021-08-20T13:40:34","slug":"cancilleria-los-ataques-terroristas-de-israel-no-lograran-frustrar-o-intimidar-el-pueblo-sirio-y-el-ejercito-arabe-sirio-y-sus-aliados-seguiran-eliminando-a-los-terroristas-del-daesh-frente-al-nusra","status":"publish","type":"post","link":"https:\/\/archive.sana.sy\/es\/?p=193737","title":{"rendered":"Canciller\u00eda: los ataques terroristas de Israel no lograr\u00e1n frustrar o intimidar el pueblo sirio y el Ej\u00e9rcito \u00c1rabe Sirio y sus aliados seguir\u00e1n eliminando a los terroristas del Daesh, Frente al-Nusra y al resto de  grupos terroristas que son socios de Israel y EE.UU."},"content":{"rendered":"","protected":false},"excerpt":{"rendered":"","protected":false},"author":39,"featured_media":0,"comment_status":"closed","ping_status":"closed","sticky":false,"template":"","format":"standard","meta":{"footnotes":""},"categories":[1],"tags":[],"class_list":["post-193737","post","type-post","status-publish","format-standard","","category-news-not-sorted"],"_links":{"self":[{"href":"https:\/\/archive.sana.sy\/es\/index.php?rest_route=\/wp\/v2\/posts\/193737"}],"collection":[{"href":"https:\/\/archive.sana.sy\/es\/index.php?rest_route=\/wp\/v2\/posts"}],"about":[{"href":"https:\/\/archive.sana.sy\/es\/index.php?rest_route=\/wp\/v2\/types\/post"}],"author":[{"embeddable":true,"href":"https:\/\/archive.sana.sy\/es\/index.php?rest_route=\/wp\/v2\/users\/39"}],"replies":[{"embeddable":true,"href":"https:\/\/archive.sana.sy\/es\/index.php?rest_route=%2Fwp%2Fv2%2Fcomments&post=193737"}],"version-history":[{"count":0,"href":"https:\/\/archive.sana.sy\/es\/index.php?rest_route=\/wp\/v2\/posts\/193737\/revisions"}],"wp:attachment":[{"href":"https:\/\/archive.sana.sy\/es\/index.php?rest_route=%2Fwp%2Fv2%2Fmedia&parent=193737"}],"wp:term":[{"taxonomy":"category","embeddable":true,"href":"https:\/\/archive.sana.sy\/es\/index.php?rest_route=%2Fwp%2Fv2%2Fcategories&post=193737"},{"taxonomy":"post_tag","embeddable":true,"href":"https:\/\/archive.sana.sy\/es\/index.php?rest_route=%2Fwp%2Fv2%2Ftags&post=193737"}],"curies":[{"name":"wp","href":"https:\/\/api.w.org\/{rel}","templated":true}]}}