{"id":19374,"date":"2015-03-12T13:39:53","date_gmt":"2015-03-12T11:39:53","guid":{"rendered":"http:\/\/www.sana.sy\/es\/?p=19374"},"modified":"2015-03-12T13:39:53","modified_gmt":"2015-03-12T11:39:53","slug":"fuerzas-iraquies-eliminan-a-un-numero-de-terroristas-del-ei-en-salahuddin-y-kirkuk","status":"publish","type":"post","link":"https:\/\/archive.sana.sy\/es\/?p=19374","title":{"rendered":"Fuerzas iraqu\u00edes eliminan a un n\u00famero de terroristas del EI en Salahuddin y Kirkuk"},"content":{"rendered":"<div><span style=\"color: #ff0000\">Bagdad, SANA<\/span><\/div>\n<div><span lang=\"ES-TRAD\">\u00a0<\/span><\/div>\n<div><span lang=\"ES-TRAD\">Las fuerzas iraqu\u00edes lograron detonar un coche bomba conducido por un terrorista suicida antes de llegar a su meta en el centro de la ciudad de Tikrit, en la provincia de Salahuddin.<\/span><\/div>\n<div><span lang=\"ES-TRAD\">\u00a0<\/span><\/div>\n<div><span lang=\"ES-TRAD\">Por su parte, la comandancia de polic\u00eda de la provincia de Diyala anunci\u00f3 la muerte de seis miembros de la organizaci\u00f3n terrorista del Estado Isl\u00e1mico y destruy\u00f3 a cuatro veh\u00edculos que transportaban armas pesadas, durante un operativo que abarc\u00f3 a 20 aldeas entre Salahuddin y Kirkuk.<\/span><\/div>\n<div><span lang=\"ES-TRAD\">\u00a0<\/span><\/div>\n<div><span lang=\"ES-TRAD\">Al este de Bagdad, la polic\u00eda iraqu\u00ed anunci\u00f3 que un oficial de inteligencia dispositivo fue abatido por disparos de hombres armados.<\/span><\/div>\n<div><span lang=\"ES-TRAD\">\u00a0<\/span><\/div>\n<div><span lang=\"ES-TRAD\">La capital Bagdad presencia ataques terroristas contra los civiles y los integrantes de las fuerzas de seguridad.<\/span><\/div>\n<div><\/div>\n<div><span style=\"color: #00ccff\">Fady M., Hala B.<\/span><\/div>\n<div class=\"yj6qo ajU\">\n<div id=\":12f\" class=\"ajR\"><img decoding=\"async\" class=\"ajT\" src=\"https:\/\/ssl.gstatic.com\/ui\/v1\/icons\/mail\/images\/cleardot.gif\" alt=\"\" \/><\/div>\n<\/div>\n","protected":false},"excerpt":{"rendered":"<p>Bagdad, SANA \u00a0 Las fuerzas iraqu\u00edes lograron detonar un coche bomba conducido por un terrorista suicida antes de llegar a su meta en el centro de la ciudad de Tikrit, en la provincia de Salahuddin. \u00a0 Por su parte, la comandancia de polic\u00eda de la provincia de Diyala anunci\u00f3 la muerte de seis miembros de &hellip;<\/p>\n","protected":false},"author":1,"featured_media":19375,"comment_status":"closed","ping_status":"closed","sticky":false,"template":"","format":"standard","meta":{"footnotes":""},"categories":[597,456],"tags":[4394],"class_list":["post-19374","post","type-post","status-publish","format-standard","has-post-thumbnail","","category-cinta-de-noticias","category-arabe-internacional-politica","tag-fuerzas-iraquies-eliminan-a-un-numero-de-terroristas-del-ei-en-salahuddin-y-kirkuk"],"_links":{"self":[{"href":"https:\/\/archive.sana.sy\/es\/index.php?rest_route=\/wp\/v2\/posts\/19374"}],"collection":[{"href":"https:\/\/archive.sana.sy\/es\/index.php?rest_route=\/wp\/v2\/posts"}],"about":[{"href":"https:\/\/archive.sana.sy\/es\/index.php?rest_route=\/wp\/v2\/types\/post"}],"author":[{"embeddable":true,"href":"https:\/\/archive.sana.sy\/es\/index.php?rest_route=\/wp\/v2\/users\/1"}],"replies":[{"embeddable":true,"href":"https:\/\/archive.sana.sy\/es\/index.php?rest_route=%2Fwp%2Fv2%2Fcomments&post=19374"}],"version-history":[{"count":0,"href":"https:\/\/archive.sana.sy\/es\/index.php?rest_route=\/wp\/v2\/posts\/19374\/revisions"}],"wp:featuredmedia":[{"embeddable":true,"href":"https:\/\/archive.sana.sy\/es\/index.php?rest_route=\/wp\/v2\/media\/19375"}],"wp:attachment":[{"href":"https:\/\/archive.sana.sy\/es\/index.php?rest_route=%2Fwp%2Fv2%2Fmedia&parent=19374"}],"wp:term":[{"taxonomy":"category","embeddable":true,"href":"https:\/\/archive.sana.sy\/es\/index.php?rest_route=%2Fwp%2Fv2%2Fcategories&post=19374"},{"taxonomy":"post_tag","embeddable":true,"href":"https:\/\/archive.sana.sy\/es\/index.php?rest_route=%2Fwp%2Fv2%2Ftags&post=19374"}],"curies":[{"name":"wp","href":"https:\/\/api.w.org\/{rel}","templated":true}]}}