{"id":19382,"date":"2015-03-12T14:57:01","date_gmt":"2015-03-12T12:57:01","guid":{"rendered":"http:\/\/www.sana.sy\/es\/?p=19382"},"modified":"2015-03-12T14:57:01","modified_gmt":"2015-03-12T12:57:01","slug":"terroristas-sabotean-a-dos-gasoductos","status":"publish","type":"post","link":"https:\/\/archive.sana.sy\/es\/?p=19382","title":{"rendered":"Terroristas sabotean a dos gasoductos"},"content":{"rendered":"<div><span style=\"color: #ff0000\">Damasco, SANA<\/span><\/div>\n<div><span lang=\"ES-TRAD\">\u00a0<\/span><\/div>\n<div><span lang=\"ES-TRAD\">Terroristas detonaron este jueves a dos gasoductos que alimentan con combustible a las plantas el\u00e9ctricas en el pa\u00eds.<\/span><\/div>\n<div><span lang=\"ES-TRAD\">\u00a0\u00a0\u00a0\u00a0<\/span><\/div>\n<div><span lang=\"ES-TRAD\">El ministerio de Electricidad anunci\u00f3 que dos ataques terroristas contra los gasoductos causaron una disminuci\u00f3n en el combustible necesario para el funcionamiento de las plantas de energ\u00eda el\u00e9ctrica, lo cual llev\u00f3 a un aumento en las horas de los apagones.<\/span><\/div>\n<div><span lang=\"ES-TRAD\">\u00a0<\/span><\/div>\n<div><span lang=\"ES-TRAD\">Seg\u00fan el ministerio, la primera explosi\u00f3n tuvo como blanco a un gasoducto con 16 pulgadas de di\u00e1metro, entre el campo de gas de al-Shaer y la f\u00e1brica de gas &#8220;Ebla&#8221;, mientras que la segunda explosi\u00f3n atent\u00f3 contra el gasoducto desde Deir Ezzor con 18 pulgadas de di\u00e1metro.<\/span><\/div>\n<div><span lang=\"ES-TRAD\">\u00a0<\/span><\/div>\n<div><span lang=\"ES-TRAD\">Por otro lado, terroristas lanzaron 10 misiles contra la planta de gas de Furqlus, y los da\u00f1os se limitaron en materiales.<\/span><\/div>\n<div><\/div>\n<div><span style=\"color: #00ccff\">Fady M., Hala B.<\/span><\/div>\n<div class=\"yj6qo ajU\">\n<div id=\":12a\" class=\"ajR\"><img decoding=\"async\" class=\"ajT\" src=\"https:\/\/ssl.gstatic.com\/ui\/v1\/icons\/mail\/images\/cleardot.gif\" alt=\"\" \/><\/div>\n<\/div>\n","protected":false},"excerpt":{"rendered":"<p>Damasco, SANA \u00a0 Terroristas detonaron este jueves a dos gasoductos que alimentan con combustible a las plantas el\u00e9ctricas en el pa\u00eds. \u00a0\u00a0\u00a0\u00a0 El ministerio de Electricidad anunci\u00f3 que dos ataques terroristas contra los gasoductos causaron una disminuci\u00f3n en el combustible necesario para el funcionamiento de las plantas de energ\u00eda el\u00e9ctrica, lo cual llev\u00f3 a un &hellip;<\/p>\n","protected":false},"author":1,"featured_media":19383,"comment_status":"closed","ping_status":"closed","sticky":false,"template":"","format":"standard","meta":{"footnotes":""},"categories":[477,476],"tags":[4396],"class_list":["post-19382","post","type-post","status-publish","format-standard","has-post-thumbnail","","category-noticias-edulcorantes","category-locales","tag-terroristas-sabotean-a-dos-gasoductos"],"_links":{"self":[{"href":"https:\/\/archive.sana.sy\/es\/index.php?rest_route=\/wp\/v2\/posts\/19382"}],"collection":[{"href":"https:\/\/archive.sana.sy\/es\/index.php?rest_route=\/wp\/v2\/posts"}],"about":[{"href":"https:\/\/archive.sana.sy\/es\/index.php?rest_route=\/wp\/v2\/types\/post"}],"author":[{"embeddable":true,"href":"https:\/\/archive.sana.sy\/es\/index.php?rest_route=\/wp\/v2\/users\/1"}],"replies":[{"embeddable":true,"href":"https:\/\/archive.sana.sy\/es\/index.php?rest_route=%2Fwp%2Fv2%2Fcomments&post=19382"}],"version-history":[{"count":0,"href":"https:\/\/archive.sana.sy\/es\/index.php?rest_route=\/wp\/v2\/posts\/19382\/revisions"}],"wp:featuredmedia":[{"embeddable":true,"href":"https:\/\/archive.sana.sy\/es\/index.php?rest_route=\/wp\/v2\/media\/19383"}],"wp:attachment":[{"href":"https:\/\/archive.sana.sy\/es\/index.php?rest_route=%2Fwp%2Fv2%2Fmedia&parent=19382"}],"wp:term":[{"taxonomy":"category","embeddable":true,"href":"https:\/\/archive.sana.sy\/es\/index.php?rest_route=%2Fwp%2Fv2%2Fcategories&post=19382"},{"taxonomy":"post_tag","embeddable":true,"href":"https:\/\/archive.sana.sy\/es\/index.php?rest_route=%2Fwp%2Fv2%2Ftags&post=19382"}],"curies":[{"name":"wp","href":"https:\/\/api.w.org\/{rel}","templated":true}]}}