{"id":193845,"date":"2021-08-21T16:13:15","date_gmt":"2021-08-21T13:13:15","guid":{"rendered":"http:\/\/107.6.182.27\/es\/?p=193845"},"modified":"2021-08-21T19:03:42","modified_gmt":"2021-08-21T16:03:42","slug":"presidente-al-assad-recibe-al-eurodiputado-thierry-mariani","status":"publish","type":"post","link":"https:\/\/archive.sana.sy\/es\/?p=193845","title":{"rendered":"Presidente al-Assad recibe al eurodiputado Thierry Mariani"},"content":{"rendered":"<p style=\"text-align: justify;\"><span style=\"color: #800000;\"><strong>Damasco, SANA<\/strong><\/span><\/p>\n<p style=\"text-align: justify;\">El presidente Bashar al-Assad, recibi\u00f3 hoy a Thierry Mariani, miembro del Parlamento Europeo e integrantes del Partido Nacional Franc\u00e9s.<\/p>\n<p style=\"text-align: justify;\">Se trataron durante la reuni\u00f3n temas relativos a la evoluci\u00f3n de la situaci\u00f3n en Siria y la regi\u00f3n, y al respecto, el presidente respondi\u00f3 las preguntas de los miembros de la delegaci\u00f3n relacionadas con la situaci\u00f3n sobre el terreno y las dif\u00edciles condiciones que atraviesa el pueblo sirio como resultado de las sanciones y el injusto bloqueo impuesto.<\/p>\n<p style=\"text-align: justify;\">A pesar de los efectos negativos del bloqueo en todos los aspectos de la vida, los sirios aprendieron formular nuevas ideas y soluciones para superar las dificultades, dijo el presidente.<\/p>\n<p style=\"text-align: justify;\">Consider\u00f3 que es necesario un di\u00e1logo a nivel parlamentario, intelectual y cultural para analizar y comprender los desarrollos y cambios que se est\u00e1n produciendo en la regi\u00f3n y el mundo.<\/p>\n<p style=\"text-align: justify;\">El mandatario destac\u00f3 la importancia de que las delegaciones parlamentarias y culturales visiten Siria y la regi\u00f3n para ver las cosas como son y poder comprobar las declaraciones pol\u00edticas con la realidad.<\/p>\n<p style=\"text-align: justify;\">\u201cEl sufrimiento de Europa de los refugiados, el terrorismo y el extremismo es a consecuencia de sus pol\u00edticas equivocadas en el Medio Oriente\u201d, aclar\u00f3 el Gobernante.<\/p>\n<p style=\"text-align: justify;\">Al-Assad y la delegaci\u00f3n abordaron tambi\u00e9n el papel del pensamiento nacionalista en la regi\u00f3n \u00e1rabe, la identidad y la relaci\u00f3n entre religi\u00f3n y pol\u00edtica, y los grandes desaf\u00edos que enfrentan los pa\u00edses del mundo como resultado del extremismo que penetr\u00f3 muchas sociedades, incluidas las europeas, como resultado del fracaso de sus gobiernos en desarrollar pol\u00edticas correctas.<\/p>\n<p style=\"text-align: justify;\"><strong><span style=\"color: #0000ff;\">fm\/sm<\/span><\/strong><\/p>\n","protected":false},"excerpt":{"rendered":"<p>Damasco, SANA El presidente Bashar al-Assad, recibi\u00f3 hoy a Thierry Mariani, miembro del Parlamento Europeo e integrantes del Partido Nacional Franc\u00e9s. Se trataron durante la reuni\u00f3n temas relativos a la evoluci\u00f3n de la situaci\u00f3n en Siria y la regi\u00f3n, y al respecto, el presidente respondi\u00f3 las preguntas de los miembros de la delegaci\u00f3n relacionadas con &hellip;<\/p>\n","protected":false},"author":39,"featured_media":193846,"comment_status":"closed","ping_status":"closed","sticky":false,"template":"","format":"standard","meta":{"footnotes":""},"categories":[597,476,16237,583],"tags":[],"class_list":["post-193845","post","type-post","status-publish","format-standard","has-post-thumbnail","","category-cinta-de-noticias","category-locales","category-presidence-de-la-republique-arabe-syria","category-slide"],"_links":{"self":[{"href":"https:\/\/archive.sana.sy\/es\/index.php?rest_route=\/wp\/v2\/posts\/193845"}],"collection":[{"href":"https:\/\/archive.sana.sy\/es\/index.php?rest_route=\/wp\/v2\/posts"}],"about":[{"href":"https:\/\/archive.sana.sy\/es\/index.php?rest_route=\/wp\/v2\/types\/post"}],"author":[{"embeddable":true,"href":"https:\/\/archive.sana.sy\/es\/index.php?rest_route=\/wp\/v2\/users\/39"}],"replies":[{"embeddable":true,"href":"https:\/\/archive.sana.sy\/es\/index.php?rest_route=%2Fwp%2Fv2%2Fcomments&post=193845"}],"version-history":[{"count":0,"href":"https:\/\/archive.sana.sy\/es\/index.php?rest_route=\/wp\/v2\/posts\/193845\/revisions"}],"wp:featuredmedia":[{"embeddable":true,"href":"https:\/\/archive.sana.sy\/es\/index.php?rest_route=\/wp\/v2\/media\/193846"}],"wp:attachment":[{"href":"https:\/\/archive.sana.sy\/es\/index.php?rest_route=%2Fwp%2Fv2%2Fmedia&parent=193845"}],"wp:term":[{"taxonomy":"category","embeddable":true,"href":"https:\/\/archive.sana.sy\/es\/index.php?rest_route=%2Fwp%2Fv2%2Fcategories&post=193845"},{"taxonomy":"post_tag","embeddable":true,"href":"https:\/\/archive.sana.sy\/es\/index.php?rest_route=%2Fwp%2Fv2%2Ftags&post=193845"}],"curies":[{"name":"wp","href":"https:\/\/api.w.org\/{rel}","templated":true}]}}