{"id":194029,"date":"2021-08-22T21:39:02","date_gmt":"2021-08-22T18:39:02","guid":{"rendered":"http:\/\/107.6.182.27\/es\/?p=194029"},"modified":"2023-01-10T15:13:49","modified_gmt":"2023-01-10T13:13:49","slug":"actores-economicos-debaten-con-mariani-secuelas-negativas-de-medidas-coercitivas-impuestas-al-pueblo-sirio","status":"publish","type":"post","link":"https:\/\/archive.sana.sy\/es\/?p=194029","title":{"rendered":"Actores econ\u00f3micos debaten con Mariani secuelas negativas de medidas coercitivas impuestas al pueblo sirio"},"content":{"rendered":"<p style=\"text-align: justify;\"><span style=\"color: #800000;\"><strong>Damasco, SANA<\/strong><\/span><\/p>\n<p style=\"text-align: justify;\">Representantes de los sectores industrial y comercial discutieron, durante su reuni\u00f3n en la C\u00e1mara de Industria de Damasco y sus suburbios, con el eurodiputado y miembro de la Asamblea Nacional Francesa, Terry Mariani, y la delegaci\u00f3n acompa\u00f1ante, los efectos negativos de las medidas econ\u00f3micas coercitivas unilaterales de Occidente impuestas al pueblo sirio.<\/p>\n<p style=\"text-align: justify;\">Asimismo, fueron debatidos durante la reuni\u00f3n los medios para influir en las pol\u00edticas, especialmente las europeas, para rectificar las relaciones con el gobierno sirio.<\/p>\n<p style=\"text-align: justify;\">El titular de la C\u00e1mara de Industria de Damasco y sus suburbios, Samer al-Debs, se\u00f1al\u00f3 que las injustificadas medidas coercitivas impuestas por EE.UU. y Europa a Siria, que se consideran una pol\u00edtica err\u00f3nea en todos los aspectos y afectan a todos los sirios pueblo, no pueden cambiar la decisi\u00f3n soberana de Siria.<\/p>\n<p style=\"text-align: justify;\">Al-Debs pidi\u00f3 a la delegaci\u00f3n que transmitiera al Parlamento Europeo todo lo que hab\u00eda visto y o\u00eddo, en particular, el impacto de estas medidas injustas al pueblo sirio, que afectaron las condiciones b\u00e1sicas de vida y las materias primas necesarias para la producci\u00f3n como el trigo y los derivados del petr\u00f3leo, adem\u00e1s de las necesidades del sector industrial.<\/p>\n<p style=\"text-align: justify;\">Por su parte, Mariani se\u00f1al\u00f3 en un comunicado a los periodistas que esta es la s\u00e9ptima visita de la delegaci\u00f3n a Siria y apunta a experimentar la situaci\u00f3n y evaluar los efectos de las medidas coercitivas impuestas a Siria.<\/p>\n<p style=\"text-align: justify;\">Mariani calific\u00f3 estas medidas de un crimen, y destac\u00f3 que es necesario \u2013desde un punto de vista legal y humanitario- que Europa las levante debido al sufrimiento que causan al pueblo sirio.<\/p>\n<p style=\"text-align: justify;\">\u201cLa delegaci\u00f3n pedir\u00e1 al Parlamento Europeo que levante el bloqueo que apunta al sustento del pueblo sirio\u201d, concluy\u00f3 el eurodiputado.<\/p>\n<p style=\"text-align: justify;\"><span style=\"color: #0000ff;\"><strong>ah\/rsh<\/strong><\/span><\/p>\n","protected":false},"excerpt":{"rendered":"<p>Damasco, SANA Representantes de los sectores industrial y comercial discutieron, durante su reuni\u00f3n en la C\u00e1mara de Industria de Damasco y sus suburbios, con el eurodiputado y miembro de la Asamblea Nacional Francesa, Terry Mariani, y la delegaci\u00f3n acompa\u00f1ante, los efectos negativos de las medidas econ\u00f3micas coercitivas unilaterales de Occidente impuestas al pueblo sirio. Asimismo, &hellip;<\/p>\n","protected":false},"author":30,"featured_media":194030,"comment_status":"closed","ping_status":"closed","sticky":false,"template":"","format":"standard","meta":{"footnotes":""},"categories":[597,16686,485,467,7541],"tags":[19414],"class_list":["post-194029","post","type-post","status-publish","format-standard","has-post-thumbnail","","category-cinta-de-noticias","category-economia","category-informes-negocios-y-finanzas","category-siria-y-el-mundo","category-ultimas-noticias","tag-actores-economicos-debaten-con-mariani-secuelas-negativas-de-medidas-coercitivas-impuestas-al-pueblo-sirio"],"_links":{"self":[{"href":"https:\/\/archive.sana.sy\/es\/index.php?rest_route=\/wp\/v2\/posts\/194029"}],"collection":[{"href":"https:\/\/archive.sana.sy\/es\/index.php?rest_route=\/wp\/v2\/posts"}],"about":[{"href":"https:\/\/archive.sana.sy\/es\/index.php?rest_route=\/wp\/v2\/types\/post"}],"author":[{"embeddable":true,"href":"https:\/\/archive.sana.sy\/es\/index.php?rest_route=\/wp\/v2\/users\/30"}],"replies":[{"embeddable":true,"href":"https:\/\/archive.sana.sy\/es\/index.php?rest_route=%2Fwp%2Fv2%2Fcomments&post=194029"}],"version-history":[{"count":0,"href":"https:\/\/archive.sana.sy\/es\/index.php?rest_route=\/wp\/v2\/posts\/194029\/revisions"}],"wp:featuredmedia":[{"embeddable":true,"href":"https:\/\/archive.sana.sy\/es\/index.php?rest_route=\/wp\/v2\/media\/194030"}],"wp:attachment":[{"href":"https:\/\/archive.sana.sy\/es\/index.php?rest_route=%2Fwp%2Fv2%2Fmedia&parent=194029"}],"wp:term":[{"taxonomy":"category","embeddable":true,"href":"https:\/\/archive.sana.sy\/es\/index.php?rest_route=%2Fwp%2Fv2%2Fcategories&post=194029"},{"taxonomy":"post_tag","embeddable":true,"href":"https:\/\/archive.sana.sy\/es\/index.php?rest_route=%2Fwp%2Fv2%2Ftags&post=194029"}],"curies":[{"name":"wp","href":"https:\/\/api.w.org\/{rel}","templated":true}]}}