{"id":194032,"date":"2021-08-22T22:43:04","date_gmt":"2021-08-22T19:43:04","guid":{"rendered":"http:\/\/107.6.182.27\/es\/?p=194032"},"modified":"2021-08-22T22:43:04","modified_gmt":"2021-08-22T19:43:04","slug":"lugarenos-de-deraa-obsesion-de-grupos-terroristas-y-su-rechazo-a-soluciones-pacificas-amenaza-la-vida-de-los-ciudadanos","status":"publish","type":"post","link":"https:\/\/archive.sana.sy\/es\/?p=194032","title":{"rendered":"Lugare\u00f1os de Deraa: obsesi\u00f3n de grupos terroristas y su rechazo a soluciones pac\u00edficas amenaza la vida de los ciudadanos"},"content":{"rendered":"<p style=\"text-align: justify;\"><span style=\"color: #800000;\"><strong>Deraa, SANA<\/strong><\/span><\/p>\n<p style=\"text-align: justify;\">Las demandas de los lugare\u00f1os de Deraa al Ej\u00e9rcito \u00c1rabe Sirio para terminar con cualquier presencia terrorista en la provincia para restablecer la seguridad y la paz y las actividades agr\u00edcolas y comerciales, que comenzaron significativamente en 2018.<\/p>\n<p style=\"text-align: justify;\">Esas demandas populares se produjeron ante la continua intransigencia de los remanentes de grupos armados desplegados en algunas zonas de la gobernaci\u00f3n de Daraa y su frustraci\u00f3n con todos los intentos del Estado sirio de establecer la seguridad y la estabilidad a trav\u00e9s de soluciones pac\u00edficas.<\/p>\n<p style=\"text-align: justify;\">En el mismo contexto, la Gobernaci\u00f3n de Deraa comenz\u00f3 a preparar un nuevo centro de alojamiento en la ciudad para recibir a los ciudadanos que deseen abandonar las \u00e1reas con presencia de grupos radicales en los vecindarios de Deraa al-Balad, Tarik al-Sad y al-Mukhayam a trav\u00e9s del corredor Saraya, pero los grupos hostiles, seg\u00fan fuentes locales, amenazaron a los residentes y les impidieron salir por segundo d\u00eda consecutivo.<\/p>\n<p style=\"text-align: justify;\">En los \u00faltimos d\u00edas, los grupos armados cometieron varios actos terroristas contra la poblaci\u00f3n civil, las instalaciones de servicio, as\u00ed como ataques contra el ej\u00e9rcito sirio y puestos de la Guardia Fronteriza, mientras el ej\u00e9rcito sigue comprometido a agotar todas las oportunidades de una soluci\u00f3n pac\u00edfica que evite que las vidas de los ciudadanos corran peligro.<\/p>\n<p style=\"text-align: justify;\"><span style=\"color: #0000ff;\"><strong>ah\/rsh<\/strong><\/span><\/p>\n","protected":false},"excerpt":{"rendered":"<p>Deraa, SANA Las demandas de los lugare\u00f1os de Deraa al Ej\u00e9rcito \u00c1rabe Sirio para terminar con cualquier presencia terrorista en la provincia para restablecer la seguridad y la paz y las actividades agr\u00edcolas y comerciales, que comenzaron significativamente en 2018. Esas demandas populares se produjeron ante la continua intransigencia de los remanentes de grupos armados &hellip;<\/p>\n","protected":false},"author":30,"featured_media":194033,"comment_status":"closed","ping_status":"closed","sticky":false,"template":"","format":"standard","meta":{"footnotes":""},"categories":[477,597,573,7541],"tags":[19415],"class_list":["post-194032","post","type-post","status-publish","format-standard","has-post-thumbnail","","category-noticias-edulcorantes","category-cinta-de-noticias","category-la-realidad-de-los-acontecimientos-en-siria","category-ultimas-noticias","tag-lugarenos-de-deraa-obsesion-de-grupos-terroristas-y-su-rechazo-a-soluciones-pacificas-amenaza-la-vida-de-los-ciudadanos"],"_links":{"self":[{"href":"https:\/\/archive.sana.sy\/es\/index.php?rest_route=\/wp\/v2\/posts\/194032"}],"collection":[{"href":"https:\/\/archive.sana.sy\/es\/index.php?rest_route=\/wp\/v2\/posts"}],"about":[{"href":"https:\/\/archive.sana.sy\/es\/index.php?rest_route=\/wp\/v2\/types\/post"}],"author":[{"embeddable":true,"href":"https:\/\/archive.sana.sy\/es\/index.php?rest_route=\/wp\/v2\/users\/30"}],"replies":[{"embeddable":true,"href":"https:\/\/archive.sana.sy\/es\/index.php?rest_route=%2Fwp%2Fv2%2Fcomments&post=194032"}],"version-history":[{"count":0,"href":"https:\/\/archive.sana.sy\/es\/index.php?rest_route=\/wp\/v2\/posts\/194032\/revisions"}],"wp:featuredmedia":[{"embeddable":true,"href":"https:\/\/archive.sana.sy\/es\/index.php?rest_route=\/wp\/v2\/media\/194033"}],"wp:attachment":[{"href":"https:\/\/archive.sana.sy\/es\/index.php?rest_route=%2Fwp%2Fv2%2Fmedia&parent=194032"}],"wp:term":[{"taxonomy":"category","embeddable":true,"href":"https:\/\/archive.sana.sy\/es\/index.php?rest_route=%2Fwp%2Fv2%2Fcategories&post=194032"},{"taxonomy":"post_tag","embeddable":true,"href":"https:\/\/archive.sana.sy\/es\/index.php?rest_route=%2Fwp%2Fv2%2Ftags&post=194032"}],"curies":[{"name":"wp","href":"https:\/\/api.w.org\/{rel}","templated":true}]}}