{"id":194035,"date":"2021-08-23T06:09:16","date_gmt":"2021-08-23T03:09:16","guid":{"rendered":"http:\/\/107.6.182.27\/es\/?p=194035"},"modified":"2023-01-10T14:26:52","modified_gmt":"2023-01-10T12:26:52","slug":"sigue-en-aumento-cifra-diaria-de-nuevos-contagios-y-decesos-por-covid-19-en-siria","status":"publish","type":"post","link":"https:\/\/archive.sana.sy\/es\/?p=194035","title":{"rendered":"Sigue en aumento cifra diaria de nuevos contagios y decesos por Covid-19 en Siria"},"content":{"rendered":"<p style=\"text-align: justify;\"><span style=\"color: #800000;\"><strong>Damasco, SANA<\/strong><\/span><\/p>\n<p style=\"text-align: justify;\">Siria report\u00f3 103 nuevas infecciones por nuevo Coronavirus durante la \u00faltima jornada, mientras 25 se recuperaron y otros siete fallecieron, seg\u00fan inform\u00f3 el Ministerio de Salud.<\/p>\n<p style=\"text-align: justify;\">La nota precis\u00f3 que la cifra de infectados a nivel nacional ascendi\u00f3 a 26 mil 901 incluidos 22 mil 287 recuperados, mientras la cifra de muertos se elev\u00f3 a 1,971.<\/p>\n<p style=\"text-align: justify;\">Siria report\u00f3 el primer caso del nuevo Coronavirus el 22 de marzo del a\u00f1o pasado.<\/p>\n<p style=\"text-align: justify;\"><span style=\"color: #0000ff;\"><strong>fm<\/strong><\/span><\/p>\n","protected":false},"excerpt":{"rendered":"<p>Damasco, SANA Siria report\u00f3 103 nuevas infecciones por nuevo Coronavirus durante la \u00faltima jornada, mientras 25 se recuperaron y otros siete fallecieron, seg\u00fan inform\u00f3 el Ministerio de Salud. La nota precis\u00f3 que la cifra de infectados a nivel nacional ascendi\u00f3 a 26 mil 901 incluidos 22 mil 287 recuperados, mientras la cifra de muertos se &hellip;<\/p>\n","protected":false},"author":34,"featured_media":194036,"comment_status":"closed","ping_status":"closed","sticky":false,"template":"","format":"standard","meta":{"footnotes":""},"categories":[447,477,597,476,457,7541],"tags":[],"class_list":["post-194035","post","type-post","status-publish","format-standard","has-post-thumbnail","","category-local-politica","category-noticias-edulcorantes","category-cinta-de-noticias","category-locales","category-noticias-arabe-internacional-politica","category-ultimas-noticias"],"_links":{"self":[{"href":"https:\/\/archive.sana.sy\/es\/index.php?rest_route=\/wp\/v2\/posts\/194035"}],"collection":[{"href":"https:\/\/archive.sana.sy\/es\/index.php?rest_route=\/wp\/v2\/posts"}],"about":[{"href":"https:\/\/archive.sana.sy\/es\/index.php?rest_route=\/wp\/v2\/types\/post"}],"author":[{"embeddable":true,"href":"https:\/\/archive.sana.sy\/es\/index.php?rest_route=\/wp\/v2\/users\/34"}],"replies":[{"embeddable":true,"href":"https:\/\/archive.sana.sy\/es\/index.php?rest_route=%2Fwp%2Fv2%2Fcomments&post=194035"}],"version-history":[{"count":0,"href":"https:\/\/archive.sana.sy\/es\/index.php?rest_route=\/wp\/v2\/posts\/194035\/revisions"}],"wp:featuredmedia":[{"embeddable":true,"href":"https:\/\/archive.sana.sy\/es\/index.php?rest_route=\/wp\/v2\/media\/194036"}],"wp:attachment":[{"href":"https:\/\/archive.sana.sy\/es\/index.php?rest_route=%2Fwp%2Fv2%2Fmedia&parent=194035"}],"wp:term":[{"taxonomy":"category","embeddable":true,"href":"https:\/\/archive.sana.sy\/es\/index.php?rest_route=%2Fwp%2Fv2%2Fcategories&post=194035"},{"taxonomy":"post_tag","embeddable":true,"href":"https:\/\/archive.sana.sy\/es\/index.php?rest_route=%2Fwp%2Fv2%2Ftags&post=194035"}],"curies":[{"name":"wp","href":"https:\/\/api.w.org\/{rel}","templated":true}]}}