{"id":194041,"date":"2021-08-23T06:15:34","date_gmt":"2021-08-23T03:15:34","guid":{"rendered":"http:\/\/107.6.182.27\/es\/?p=194041"},"modified":"2023-01-10T15:13:49","modified_gmt":"2023-01-10T13:13:49","slug":"siria-instala-gigante-aerogenerador-fabricado-localmente","status":"publish","type":"post","link":"https:\/\/archive.sana.sy\/es\/?p=194041","title":{"rendered":"Siria instala gigante aerogenerador fabricado localmente"},"content":{"rendered":"<p style=\"text-align: justify;\"><span style=\"color: #800000;\"><strong>Homs, SANA<\/strong><\/span><\/p>\n<p style=\"text-align: justify;\">La empresa \u201cWDRVM\u201d de energ\u00edas alternativas e industrias pesadas con sede en la ciudad industrial de Hassieh en Homs, anunci\u00f3 la instalaci\u00f3n de la segunda turbina e\u00f3lica hecha con experiencias sirias.<\/p>\n<p style=\"text-align: justify;\">En un comunicado de prensa del cual SANA recibi\u00f3 copia, la compa\u00f1\u00eda dijo que la fabricaci\u00f3n e instalaci\u00f3n de la turbina se realiz\u00f3 en la planta \u201cWDRVM\u201d y precis\u00f3 que el aerogenerador se instal\u00f3 en la localidad de Al-Dhahabiya en el oeste de Homs cerca de la carretera Homs-Tartous.<\/p>\n<p style=\"text-align: justify;\">La nueva turbina e\u00f3lica alimentar\u00e1 la red el\u00e9ctrica nacional con 2,5 megavatios, por lo que la capacidad total junto a la primera turbina e\u00f3lica ser\u00e1 de 5 megavatios.<\/p>\n<p style=\"text-align: justify;\">La empresa, a pesar de las circunstancias actuales, las medidas coercitivas unilaterales y el bloqueo econ\u00f3mico impuesto al pueblo sirio, pudo completar la fabricaci\u00f3n de una turbina con todos sus componentes, incluida la torre, las palas y los dispositivos de control, con una alta precisi\u00f3n que tom\u00f3 en cuenta los est\u00e1ndares internacionales.<\/p>\n<p style=\"text-align: justify;\"><span style=\"color: #0000ff;\"><strong>fm<\/strong><\/span><\/p>\n","protected":false},"excerpt":{"rendered":"<p>Homs, SANA La empresa \u201cWDRVM\u201d de energ\u00edas alternativas e industrias pesadas con sede en la ciudad industrial de Hassieh en Homs, anunci\u00f3 la instalaci\u00f3n de la segunda turbina e\u00f3lica hecha con experiencias sirias. En un comunicado de prensa del cual SANA recibi\u00f3 copia, la compa\u00f1\u00eda dijo que la fabricaci\u00f3n e instalaci\u00f3n de la turbina se &hellip;<\/p>\n","protected":false},"author":34,"featured_media":194042,"comment_status":"closed","ping_status":"closed","sticky":false,"template":"","format":"standard","meta":{"footnotes":""},"categories":[447,477,597,16686,485,476,457,7541],"tags":[],"class_list":["post-194041","post","type-post","status-publish","format-standard","has-post-thumbnail","","category-local-politica","category-noticias-edulcorantes","category-cinta-de-noticias","category-economia","category-informes-negocios-y-finanzas","category-locales","category-noticias-arabe-internacional-politica","category-ultimas-noticias"],"_links":{"self":[{"href":"https:\/\/archive.sana.sy\/es\/index.php?rest_route=\/wp\/v2\/posts\/194041"}],"collection":[{"href":"https:\/\/archive.sana.sy\/es\/index.php?rest_route=\/wp\/v2\/posts"}],"about":[{"href":"https:\/\/archive.sana.sy\/es\/index.php?rest_route=\/wp\/v2\/types\/post"}],"author":[{"embeddable":true,"href":"https:\/\/archive.sana.sy\/es\/index.php?rest_route=\/wp\/v2\/users\/34"}],"replies":[{"embeddable":true,"href":"https:\/\/archive.sana.sy\/es\/index.php?rest_route=%2Fwp%2Fv2%2Fcomments&post=194041"}],"version-history":[{"count":0,"href":"https:\/\/archive.sana.sy\/es\/index.php?rest_route=\/wp\/v2\/posts\/194041\/revisions"}],"wp:featuredmedia":[{"embeddable":true,"href":"https:\/\/archive.sana.sy\/es\/index.php?rest_route=\/wp\/v2\/media\/194042"}],"wp:attachment":[{"href":"https:\/\/archive.sana.sy\/es\/index.php?rest_route=%2Fwp%2Fv2%2Fmedia&parent=194041"}],"wp:term":[{"taxonomy":"category","embeddable":true,"href":"https:\/\/archive.sana.sy\/es\/index.php?rest_route=%2Fwp%2Fv2%2Fcategories&post=194041"},{"taxonomy":"post_tag","embeddable":true,"href":"https:\/\/archive.sana.sy\/es\/index.php?rest_route=%2Fwp%2Fv2%2Ftags&post=194041"}],"curies":[{"name":"wp","href":"https:\/\/api.w.org\/{rel}","templated":true}]}}