{"id":194071,"date":"2021-08-23T12:01:11","date_gmt":"2021-08-23T09:01:11","guid":{"rendered":"http:\/\/107.6.182.27\/es\/?p=194071"},"modified":"2021-08-23T12:01:11","modified_gmt":"2021-08-23T09:01:11","slug":"nuevo-ataque-contra-armados-de-la-milicia-separatista-fds-en-deir-ezzor","status":"publish","type":"post","link":"https:\/\/archive.sana.sy\/es\/?p=194071","title":{"rendered":"Nuevo ataque contra armados de la milicia separatista FDS en Deir Ezzor"},"content":{"rendered":"<p style=\"text-align: justify;\"><strong><span style=\"color: #800000;\">Deir Ezzor, SANA<\/span><\/strong><\/p>\n<p style=\"text-align: justify;\">Dos armados de la milicia separatista Fuerzas Democr\u00e1ticas Siria (FDS) patrocinada por la ocupaci\u00f3n estadounidense, resultaron heridos por ataque de grupos populares contra su veh\u00edculo en la provincia de Deir Ezzor.<\/p>\n<p style=\"text-align: justify;\">De acuerdo a activistas locales, el ataque se llev\u00f3 a cabo por una bomba contra el veh\u00edculo de FDS que transitaba en la localidad de al-Tayana en el este de Deir Ezzor, lo que provoc\u00f3 su destrucci\u00f3n y caus\u00f3 lesiones a los dos armados que transportaban en el mismo.<\/p>\n<p style=\"text-align: justify;\">La v\u00edspera, semejante ataque con ametralladoras de facciones populares tuvo lugar contra un grupo armado de FDS en la aldea de Ziban al este de Deir Ezzor.<\/p>\n<p style=\"text-align: justify;\"><span style=\"color: #0000ff;\"><strong>ws\/fm<\/strong><\/span><\/p>\n","protected":false},"excerpt":{"rendered":"<p>Deir Ezzor, SANA Dos armados de la milicia separatista Fuerzas Democr\u00e1ticas Siria (FDS) patrocinada por la ocupaci\u00f3n estadounidense, resultaron heridos por ataque de grupos populares contra su veh\u00edculo en la provincia de Deir Ezzor. De acuerdo a activistas locales, el ataque se llev\u00f3 a cabo por una bomba contra el veh\u00edculo de FDS que transitaba &hellip;<\/p>\n","protected":false},"author":35,"featured_media":194072,"comment_status":"closed","ping_status":"closed","sticky":false,"template":"","format":"standard","meta":{"footnotes":""},"categories":[447,477,597,573,476,7541],"tags":[],"class_list":["post-194071","post","type-post","status-publish","format-standard","has-post-thumbnail","","category-local-politica","category-noticias-edulcorantes","category-cinta-de-noticias","category-la-realidad-de-los-acontecimientos-en-siria","category-locales","category-ultimas-noticias"],"_links":{"self":[{"href":"https:\/\/archive.sana.sy\/es\/index.php?rest_route=\/wp\/v2\/posts\/194071"}],"collection":[{"href":"https:\/\/archive.sana.sy\/es\/index.php?rest_route=\/wp\/v2\/posts"}],"about":[{"href":"https:\/\/archive.sana.sy\/es\/index.php?rest_route=\/wp\/v2\/types\/post"}],"author":[{"embeddable":true,"href":"https:\/\/archive.sana.sy\/es\/index.php?rest_route=\/wp\/v2\/users\/35"}],"replies":[{"embeddable":true,"href":"https:\/\/archive.sana.sy\/es\/index.php?rest_route=%2Fwp%2Fv2%2Fcomments&post=194071"}],"version-history":[{"count":0,"href":"https:\/\/archive.sana.sy\/es\/index.php?rest_route=\/wp\/v2\/posts\/194071\/revisions"}],"wp:featuredmedia":[{"embeddable":true,"href":"https:\/\/archive.sana.sy\/es\/index.php?rest_route=\/wp\/v2\/media\/194072"}],"wp:attachment":[{"href":"https:\/\/archive.sana.sy\/es\/index.php?rest_route=%2Fwp%2Fv2%2Fmedia&parent=194071"}],"wp:term":[{"taxonomy":"category","embeddable":true,"href":"https:\/\/archive.sana.sy\/es\/index.php?rest_route=%2Fwp%2Fv2%2Fcategories&post=194071"},{"taxonomy":"post_tag","embeddable":true,"href":"https:\/\/archive.sana.sy\/es\/index.php?rest_route=%2Fwp%2Fv2%2Ftags&post=194071"}],"curies":[{"name":"wp","href":"https:\/\/api.w.org\/{rel}","templated":true}]}}