{"id":194109,"date":"2021-08-23T13:57:05","date_gmt":"2021-08-23T10:57:05","guid":{"rendered":"http:\/\/107.6.182.27\/es\/?p=194109"},"modified":"2023-01-10T14:26:50","modified_gmt":"2023-01-10T12:26:50","slug":"varios-mercenarios-proturcos-resultan-heridos-en-localidad-de-ras-al-ain-hasakeh-2","status":"publish","type":"post","link":"https:\/\/archive.sana.sy\/es\/?p=194109","title":{"rendered":"Varios mercenarios proturcos resultan heridos en localidad de Ras al-Ain\/ Hasakeh"},"content":{"rendered":"<p style=\"text-align: justify;\"><span style=\"color: #800000;\"><strong>Hasakeh, SANA<\/strong><\/span><\/p>\n<p style=\"text-align: justify;\">Varios mercenarios apadrinados por la ocupaci\u00f3n turca resultaron heridos a consecuencia de nuevos combates, uno de ellos en la ciudad ocupada de Ras al-Ain, en el noroeste de Hasakeh.<\/p>\n<p style=\"text-align: justify;\">20 terroristas proturcos resultaron heridos en luchas internas con armas ligeras y medianas entre la llamada &#8220;Polic\u00eda Militar&#8221; y la &#8220;Polic\u00eda Civil&#8221; dentro del hospital nacional en Ras al-Ain, seg\u00fan informaron fuentes locales al reportero de SANA.<\/p>\n<p style=\"text-align: justify;\">Las \u00e1reas ocupadas por la ocupaci\u00f3n turca y sus mercenarios presencian un estado de caos y luchas internas entre los terroristas que controlan el destino de los lugare\u00f1os en esas \u00e1reas.<\/p>\n<p style=\"text-align: justify;\"><span style=\"color: #0000ff;\"><strong>ed\/fm<\/strong><\/span><\/p>\n","protected":false},"excerpt":{"rendered":"<p>Hasakeh, SANA Varios mercenarios apadrinados por la ocupaci\u00f3n turca resultaron heridos a consecuencia de nuevos combates, uno de ellos en la ciudad ocupada de Ras al-Ain, en el noroeste de Hasakeh. 20 terroristas proturcos resultaron heridos en luchas internas con armas ligeras y medianas entre la llamada &#8220;Polic\u00eda Militar&#8221; y la &#8220;Polic\u00eda Civil&#8221; dentro del &hellip;<\/p>\n","protected":false},"author":32,"featured_media":194110,"comment_status":"closed","ping_status":"closed","sticky":false,"template":"","format":"standard","meta":{"footnotes":""},"categories":[447,477,597,573,476,457,7541],"tags":[],"class_list":["post-194109","post","type-post","status-publish","format-standard","has-post-thumbnail","","category-local-politica","category-noticias-edulcorantes","category-cinta-de-noticias","category-la-realidad-de-los-acontecimientos-en-siria","category-locales","category-noticias-arabe-internacional-politica","category-ultimas-noticias"],"_links":{"self":[{"href":"https:\/\/archive.sana.sy\/es\/index.php?rest_route=\/wp\/v2\/posts\/194109"}],"collection":[{"href":"https:\/\/archive.sana.sy\/es\/index.php?rest_route=\/wp\/v2\/posts"}],"about":[{"href":"https:\/\/archive.sana.sy\/es\/index.php?rest_route=\/wp\/v2\/types\/post"}],"author":[{"embeddable":true,"href":"https:\/\/archive.sana.sy\/es\/index.php?rest_route=\/wp\/v2\/users\/32"}],"replies":[{"embeddable":true,"href":"https:\/\/archive.sana.sy\/es\/index.php?rest_route=%2Fwp%2Fv2%2Fcomments&post=194109"}],"version-history":[{"count":0,"href":"https:\/\/archive.sana.sy\/es\/index.php?rest_route=\/wp\/v2\/posts\/194109\/revisions"}],"wp:featuredmedia":[{"embeddable":true,"href":"https:\/\/archive.sana.sy\/es\/index.php?rest_route=\/wp\/v2\/media\/194110"}],"wp:attachment":[{"href":"https:\/\/archive.sana.sy\/es\/index.php?rest_route=%2Fwp%2Fv2%2Fmedia&parent=194109"}],"wp:term":[{"taxonomy":"category","embeddable":true,"href":"https:\/\/archive.sana.sy\/es\/index.php?rest_route=%2Fwp%2Fv2%2Fcategories&post=194109"},{"taxonomy":"post_tag","embeddable":true,"href":"https:\/\/archive.sana.sy\/es\/index.php?rest_route=%2Fwp%2Fv2%2Ftags&post=194109"}],"curies":[{"name":"wp","href":"https:\/\/api.w.org\/{rel}","templated":true}]}}