{"id":194112,"date":"2021-08-23T14:53:40","date_gmt":"2021-08-23T11:53:40","guid":{"rendered":"http:\/\/107.6.182.27\/es\/?p=194112"},"modified":"2023-01-10T14:26:49","modified_gmt":"2023-01-10T12:26:49","slug":"varios-civiles-resultan-heridos-por-estallido-de-carga-explosiva-en-alepo","status":"publish","type":"post","link":"https:\/\/archive.sana.sy\/es\/?p=194112","title":{"rendered":"Varios civiles resultan heridos por estallido de carga explosiva en Alepo"},"content":{"rendered":"<p style=\"text-align: justify;\"><span style=\"color: #800000;\"><strong>Alepo, SANA<\/strong><\/span><\/p>\n<p style=\"text-align: justify;\">Varios civiles resultaron heridos por la explosi\u00f3n de un artefacto explosivo que fue colocado en un cami\u00f3n en la localidad de Azaz, en la periferia norte de Alepo, donde se encuentran desplegados grupos terroristas, respaldados por fuerzas de ocupaci\u00f3n turca.<\/p>\n<p style=\"text-align: justify;\">\u00a0Activistas locales informaron a SANA que un artefacto explosivo colocado en un cami\u00f3n, explot\u00f3 al oeste de la ciudad de Azaz en el norte de Alepo, lo que caus\u00f3 heridas a varios civiles, adem\u00e1s de da\u00f1os materiales en propiedades y autom\u00f3viles que estaban estacionados cerca del lugar de la explosi\u00f3n.<\/p>\n<p style=\"text-align: justify;\">Las \u00e1reas ocupadas por grupos terroristas apoyados por el r\u00e9gimen turco presencian caos e inseguridad como resultado de las pugnas entre s\u00ed para compartir las \u00e1reas de influencia.<\/p>\n<p><strong><span style=\"color: #0000ff;\">ed\/fm<\/span><\/strong><\/p>\n","protected":false},"excerpt":{"rendered":"<p>Alepo, SANA Varios civiles resultaron heridos por la explosi\u00f3n de un artefacto explosivo que fue colocado en un cami\u00f3n en la localidad de Azaz, en la periferia norte de Alepo, donde se encuentran desplegados grupos terroristas, respaldados por fuerzas de ocupaci\u00f3n turca. \u00a0Activistas locales informaron a SANA que un artefacto explosivo colocado en un cami\u00f3n, &hellip;<\/p>\n","protected":false},"author":32,"featured_media":194118,"comment_status":"closed","ping_status":"closed","sticky":false,"template":"","format":"standard","meta":{"footnotes":""},"categories":[477,447,597,476,7541],"tags":[],"class_list":["post-194112","post","type-post","status-publish","format-standard","has-post-thumbnail","","category-noticias-edulcorantes","category-local-politica","category-cinta-de-noticias","category-locales","category-ultimas-noticias"],"_links":{"self":[{"href":"https:\/\/archive.sana.sy\/es\/index.php?rest_route=\/wp\/v2\/posts\/194112"}],"collection":[{"href":"https:\/\/archive.sana.sy\/es\/index.php?rest_route=\/wp\/v2\/posts"}],"about":[{"href":"https:\/\/archive.sana.sy\/es\/index.php?rest_route=\/wp\/v2\/types\/post"}],"author":[{"embeddable":true,"href":"https:\/\/archive.sana.sy\/es\/index.php?rest_route=\/wp\/v2\/users\/32"}],"replies":[{"embeddable":true,"href":"https:\/\/archive.sana.sy\/es\/index.php?rest_route=%2Fwp%2Fv2%2Fcomments&post=194112"}],"version-history":[{"count":0,"href":"https:\/\/archive.sana.sy\/es\/index.php?rest_route=\/wp\/v2\/posts\/194112\/revisions"}],"wp:featuredmedia":[{"embeddable":true,"href":"https:\/\/archive.sana.sy\/es\/index.php?rest_route=\/wp\/v2\/media\/194118"}],"wp:attachment":[{"href":"https:\/\/archive.sana.sy\/es\/index.php?rest_route=%2Fwp%2Fv2%2Fmedia&parent=194112"}],"wp:term":[{"taxonomy":"category","embeddable":true,"href":"https:\/\/archive.sana.sy\/es\/index.php?rest_route=%2Fwp%2Fv2%2Fcategories&post=194112"},{"taxonomy":"post_tag","embeddable":true,"href":"https:\/\/archive.sana.sy\/es\/index.php?rest_route=%2Fwp%2Fv2%2Ftags&post=194112"}],"curies":[{"name":"wp","href":"https:\/\/api.w.org\/{rel}","templated":true}]}}