{"id":19418,"date":"2015-03-13T14:26:12","date_gmt":"2015-03-13T12:26:12","guid":{"rendered":"http:\/\/www.sana.sy\/es\/?p=19418"},"modified":"2023-01-09T14:10:17","modified_gmt":"2023-01-09T12:10:17","slug":"347-paquetes-de-alimentos-distribuidos-a-los-residentes-del-campamento-yarmouk-y-11-pacientes-fueron-evacuados","status":"publish","type":"post","link":"https:\/\/archive.sana.sy\/es\/?p=19418","title":{"rendered":"347 paquetes de alimentos distribuidos a los residentes del campamento Yarmouk, y 11 pacientes fueron evacuados"},"content":{"rendered":"<p><span style=\"color: #000000\">Damasco- SANA<\/span><\/p>\n<p style=\"text-align: justify\">Con el apoyo del gobierno sirio, la Autoridad General para los Refugiados \u00c1rabes y palestinos (GAPAR), y la Agencia de las Naciones Unidas para los Refugiados Palestinos (UNRWA), reanudo ayer la distribuci\u00f3n de paquetes de ayuda humanitaria a los residentes del campo Al-Yarmuk en Damasco, sitiado por las organizaciones terroristas.<\/p>\n<p style=\"text-align: justify\">El director general de (GAPAR) Ali Mustaf\u00e1 le inform\u00f3 a SANA que, la ayuda consisti\u00f3 en 347 paquetes de alimentos y se distribuy\u00f3 bajo la supervisi\u00f3n del Comit\u00e9 Supremo.<\/p>\n<p style=\"text-align: justify\">Mustaf\u00e1 a\u00f1adi\u00f3 que el equipo m\u00e9dico de la UNRWA y la Cruz Roja instalaron unos centros m\u00e9dicos donde trataron a un n\u00famero de pacientes y les proporcionaron los medicamentos necesarios, y agreg\u00f3 que la Asociaci\u00f3n (Nour) para la Ayuda y el Desarrollo distribuye suplementos de pan y alimentos, adem\u00e1s de la entrega de medicamentos para el tratamiento de la fiebre tifoidea por parte de la Media Luna Roja Palestina.<\/p>\n<p><span style=\"color: #800000\">M.Miri<\/span><\/p>\n","protected":false},"excerpt":{"rendered":"<p>Damasco- SANA Con el apoyo del gobierno sirio, la Autoridad General para los Refugiados \u00c1rabes y palestinos (GAPAR), y la Agencia de las Naciones Unidas para los Refugiados Palestinos (UNRWA), reanudo ayer la distribuci\u00f3n de paquetes de ayuda humanitaria a los residentes del campo Al-Yarmuk en Damasco, sitiado por las organizaciones terroristas. El director general &hellip;<\/p>\n","protected":false},"author":1,"featured_media":19419,"comment_status":"closed","ping_status":"closed","sticky":false,"template":"","format":"standard","meta":{"footnotes":""},"categories":[477,597,476],"tags":[4401,4402],"class_list":["post-19418","post","type-post","status-publish","format-standard","has-post-thumbnail","","category-noticias-edulcorantes","category-cinta-de-noticias","category-locales","tag-347-paquetes-de-alimentos-distribuidos-a-los-residentes-del-campamento-yarmouk","tag-y-11-pacientes-fueron-evacuados"],"_links":{"self":[{"href":"https:\/\/archive.sana.sy\/es\/index.php?rest_route=\/wp\/v2\/posts\/19418"}],"collection":[{"href":"https:\/\/archive.sana.sy\/es\/index.php?rest_route=\/wp\/v2\/posts"}],"about":[{"href":"https:\/\/archive.sana.sy\/es\/index.php?rest_route=\/wp\/v2\/types\/post"}],"author":[{"embeddable":true,"href":"https:\/\/archive.sana.sy\/es\/index.php?rest_route=\/wp\/v2\/users\/1"}],"replies":[{"embeddable":true,"href":"https:\/\/archive.sana.sy\/es\/index.php?rest_route=%2Fwp%2Fv2%2Fcomments&post=19418"}],"version-history":[{"count":0,"href":"https:\/\/archive.sana.sy\/es\/index.php?rest_route=\/wp\/v2\/posts\/19418\/revisions"}],"wp:featuredmedia":[{"embeddable":true,"href":"https:\/\/archive.sana.sy\/es\/index.php?rest_route=\/wp\/v2\/media\/19419"}],"wp:attachment":[{"href":"https:\/\/archive.sana.sy\/es\/index.php?rest_route=%2Fwp%2Fv2%2Fmedia&parent=19418"}],"wp:term":[{"taxonomy":"category","embeddable":true,"href":"https:\/\/archive.sana.sy\/es\/index.php?rest_route=%2Fwp%2Fv2%2Fcategories&post=19418"},{"taxonomy":"post_tag","embeddable":true,"href":"https:\/\/archive.sana.sy\/es\/index.php?rest_route=%2Fwp%2Fv2%2Ftags&post=19418"}],"curies":[{"name":"wp","href":"https:\/\/api.w.org\/{rel}","templated":true}]}}