{"id":19421,"date":"2015-03-13T19:28:11","date_gmt":"2015-03-13T17:28:11","guid":{"rendered":"http:\/\/www.sana.sy\/es\/?p=19421"},"modified":"2015-03-14T13:00:01","modified_gmt":"2015-03-14T11:00:01","slug":"las-unidades-del-ejercito-y-de-las-ffaa-continuan-con-sus-combates-contra-los-terroristas-en-diferentes-provincias-del-pais","status":"publish","type":"post","link":"https:\/\/archive.sana.sy\/es\/?p=19421","title":{"rendered":"Las unidades del Ej\u00e9rcito contin\u00faan con sus combates contra los terroristas en diferentes provincias"},"content":{"rendered":"<p style=\"text-align: justify\"><span style=\"color: #000000\">Provincias- SANA<\/span><\/p>\n<p style=\"text-align: justify\">El ej\u00e9rcito y las FFAA continuaron este viernes su lucha contra el terrorismo en todo el pa\u00eds y llevaron a cabo muchas operaciones en perseguir y matar a ellos en sus guaridas y escondites.<\/p>\n<p style=\"text-align: justify\"><span style=\"color: #0000ff\">Al-Qunetra<\/span><\/p>\n<p style=\"text-align: justify\">Una fuente militar le informo a SANA que, unidades del ej\u00e9rcito y de las fuerzas armadas mataron a un n\u00famero de terroristas en al-Soesa y al-Hamidyeh en el campo de la provincia.<\/p>\n<p style=\"text-align: justify\">Asimismo, en el campo de provincia, una unidad del ej\u00e9rcito elimino a un n\u00famero de terroristas en la aldea Mashara.<\/p>\n<p style=\"text-align: justify\"><span style=\"color: #0000ff\">Idleb<\/span><\/p>\n<p style=\"text-align: justify\">Unidades del Ej\u00e9rcito eliminan a un n\u00famero de terroristas y otros heridos alrededor de al-Shegr, al-Rami, Maarblet, Kafar Jales, Taftanaz, Bennish en la campi\u00f1a de la provincia.<\/p>\n<p style=\"text-align: justify\">En el mismo contexto, una emboscada de las unidades del ej\u00e9rcito acaba con todos los miembros de un grupo terrorista en la zona del valle Wadi Aen Shen en la campi\u00f1a de Idleb.<\/p>\n<p style=\"text-align: justify\"><span style=\"color: #0000ff\">Deraa<\/span><\/p>\n<p style=\"text-align: justify\">Un n\u00famero de terroristas fueron eliminados adem\u00e1s de otros heridos en operaciones militares de unas unidades del Ej\u00e9rcito en Tal-Dhyban, al-Tayha en el campo de la provincia de Deraa, mientras guaridas terroristas fueron destruidos tambi\u00e9n.<\/p>\n<p style=\"text-align: justify\">Asimismo, las unidades del ej\u00e9rcito \u00a0acaban con muchos terroristas en la zonas de Kafer Nasej, Tel Antar, Al-shej Meskin, Beser Al-Harir, y Um Al-maiazen en el campo de Deraa.<\/p>\n<p style=\"text-align: justify\"><span style=\"color: #0000ff\">Homs<\/span><\/p>\n<p style=\"text-align: justify\">Unidades del ej\u00e9rcito y de las fuerzas armadas acabaron con un n\u00famero de terroristas y otros heridos en Dawar al &#8211; Shalhob cerca de al-Rastan, las colinas que rodean la aldea de al -Sultania, el norte de al-Msherfeh y Rahom en el campo de la provincia de Homs.<\/p>\n<p style=\"text-align: justify\"><span style=\"color: #0000ff\">Latakia<\/span><\/p>\n<p style=\"text-align: justify\">Una fuente militar le informo a SANA que, unas unidades del ej\u00e9rcito y de las FFAA, eliminaron a un n\u00famero de terroristas, adem\u00e1s de la destruccion de veh\u00edculos de los terroristas en las zonas de Salma, Hazirin, y Kafer dable en la campi\u00f1a norte\u00f1a de la provincia.<\/p>\n<p style=\"text-align: justify\"><span style=\"color: #0000ff\">Al-hasaka<\/span><\/p>\n<p style=\"text-align: justify\">Una unidad del ej\u00e9rcito y de la FFAA, abortan un ataque terrorista contra la localidad de Bab al-jer en el sur de la provincia, adem\u00e1s de cuatro veh\u00edculos de los terroristas han sido destruidos.<\/p>\n<p style=\"text-align: justify\"><span style=\"color: #0000ff\">Damasco- Campo<\/span><\/p>\n<p style=\"text-align: justify\">Una fuente militar le informo a SANA que, una unidad del ej\u00e9rcito destruyo un escondite terrorista, adem\u00e1s de acabar con un numero de terroristas en la aldea de Mugher al-Mir.<\/p>\n<p style=\"text-align: justify\"><span style=\"color: #800000\">M.Miri<\/span><\/p>\n","protected":false},"excerpt":{"rendered":"<p>Provincias- SANA El ej\u00e9rcito y las FFAA continuaron este viernes su lucha contra el terrorismo en todo el pa\u00eds y llevaron a cabo muchas operaciones en perseguir y matar a ellos en sus guaridas y escondites. Al-Qunetra Una fuente militar le informo a SANA que, unidades del ej\u00e9rcito y de las fuerzas armadas mataron a &hellip;<\/p>\n","protected":false},"author":1,"featured_media":3687,"comment_status":"closed","ping_status":"closed","sticky":false,"template":"","format":"standard","meta":{"footnotes":""},"categories":[573],"tags":[4408,4404,4403],"class_list":["post-19421","post","type-post","status-publish","format-standard","has-post-thumbnail","","category-la-realidad-de-los-acontecimientos-en-siria","tag-las-unidades-del-ejercito-continuan-con-sus-combates-contra-los-terroristas-en-diferentes-provincias","tag-las-unidades-del-ejercito-y-de-las-ffaa-continuan-con-sus-combates-contra-los-terroristas-en-diferentes-provincias","tag-las-unidades-del-ejercito-y-de-las-ffaa-continuan-con-sus-combates-contra-los-terroristas-en-diferentes-provincias-del-pais"],"_links":{"self":[{"href":"https:\/\/archive.sana.sy\/es\/index.php?rest_route=\/wp\/v2\/posts\/19421"}],"collection":[{"href":"https:\/\/archive.sana.sy\/es\/index.php?rest_route=\/wp\/v2\/posts"}],"about":[{"href":"https:\/\/archive.sana.sy\/es\/index.php?rest_route=\/wp\/v2\/types\/post"}],"author":[{"embeddable":true,"href":"https:\/\/archive.sana.sy\/es\/index.php?rest_route=\/wp\/v2\/users\/1"}],"replies":[{"embeddable":true,"href":"https:\/\/archive.sana.sy\/es\/index.php?rest_route=%2Fwp%2Fv2%2Fcomments&post=19421"}],"version-history":[{"count":0,"href":"https:\/\/archive.sana.sy\/es\/index.php?rest_route=\/wp\/v2\/posts\/19421\/revisions"}],"wp:featuredmedia":[{"embeddable":true,"href":"https:\/\/archive.sana.sy\/es\/index.php?rest_route=\/wp\/v2\/media\/3687"}],"wp:attachment":[{"href":"https:\/\/archive.sana.sy\/es\/index.php?rest_route=%2Fwp%2Fv2%2Fmedia&parent=19421"}],"wp:term":[{"taxonomy":"category","embeddable":true,"href":"https:\/\/archive.sana.sy\/es\/index.php?rest_route=%2Fwp%2Fv2%2Fcategories&post=19421"},{"taxonomy":"post_tag","embeddable":true,"href":"https:\/\/archive.sana.sy\/es\/index.php?rest_route=%2Fwp%2Fv2%2Ftags&post=19421"}],"curies":[{"name":"wp","href":"https:\/\/api.w.org\/{rel}","templated":true}]}}