{"id":194231,"date":"2021-08-24T10:58:59","date_gmt":"2021-08-24T07:58:59","guid":{"rendered":"http:\/\/107.6.182.27\/es\/?p=194231"},"modified":"2021-08-25T07:09:52","modified_gmt":"2021-08-25T04:09:52","slug":"damasco-describe-como-entidad-ilegitima-a-la-llamada-administracion-autonoma-del-norte-y-este-de-siria","status":"publish","type":"post","link":"https:\/\/archive.sana.sy\/es\/?p=194231","title":{"rendered":"Damasco describe como entidad ileg\u00edtima a la llamada Administraci\u00f3n Aut\u00f3noma del Norte y Este de Siria"},"content":{"rendered":"<p style=\"text-align: justify;\"><strong><span style=\"color: #800000;\">Damasco, SANA<\/span><\/strong><\/p>\n<p style=\"text-align: justify;\">El Ministerio de Exteriores y Expatriados anunci\u00f3 hoy que la apertura una representaci\u00f3n de la llamada Administraci\u00f3n Aut\u00f3noma para el Norte y el Este de Siria ante la Confederaci\u00f3n Suiza constituye una violaci\u00f3n de las obligaciones de la Uni\u00f3n Europea en virtud del Derecho Internacional y la Carta de las Naciones Unidas, especialmente los principios de no injerencia en los asuntos de otros pa\u00edses y respetar su soberan\u00eda e independencia.<\/p>\n<p style=\"text-align: justify;\">En una nota verbal oficial dirigida al Ministerio Federal de Asuntos Exteriores de la Confederaci\u00f3n Suiza, Canciller\u00eda siria afirm\u00f3 que la denominada \u201cAdministraci\u00f3n Aut\u00f3noma del Norte y Este de Siria\u201d, que recientemente anunci\u00f3 la apertura de una oficina en Ginebra, es una entidad ilegal que porta armas ilegales contra el Estado sirio y los civiles en las regiones que domina, y adem\u00e1s, no tiene personalidad ni car\u00e1cter jur\u00eddico, y adopta tendencias separatistas y act\u00faa contra las leyes nacionales sirias y contra la voluntad de su pueblo y gobierno.<\/p>\n<p style=\"text-align: justify;\">Aclar\u00f3 que la apertura de la referida oficina es un acto que viola las obligaciones de la Confederaci\u00f3n de Suiza en virtud del derecho internacional y la Carta de las Naciones Unidas en lo que respecta a los principios de no injerencia en los asuntos de otros pa\u00edses y el respeto a su soberan\u00eda e independencia.<\/p>\n<p style=\"text-align: justify;\">Tambi\u00e9n viola lo estipulado en las resoluciones de la Asamblea General y del Consejo de Seguridad de las Naciones Unidas sobre la situaci\u00f3n en Siria en particular en lo relativo al respeto de la soberan\u00eda, la independencia, la unidad y la integridad territorial de la Rep\u00fablica \u00c1rabe Siria, agreg\u00f3 la carta.<\/p>\n<p style=\"text-align: justify;\">El Ministerio sirio pidi\u00f3 a las autoridades suizas competentes que reconsideren la decisi\u00f3n de permitir la apertura de tales oficinas ilegales, especialmente porque los responsables de esta oficina consideraron su apertura como un reconocimiento de la llamada \u201cAdministraci\u00f3n Aut\u00f3noma\u201d por parte de los pa\u00edses anfitriones.<\/p>\n<p style=\"text-align: justify;\"><span style=\"color: #0000ff;\">fm\/ws<\/span><\/p>\n","protected":false},"excerpt":{"rendered":"<p>Damasco, SANA El Ministerio de Exteriores y Expatriados anunci\u00f3 hoy que la apertura una representaci\u00f3n de la llamada Administraci\u00f3n Aut\u00f3noma para el Norte y el Este de Siria ante la Confederaci\u00f3n Suiza constituye una violaci\u00f3n de las obligaciones de la Uni\u00f3n Europea en virtud del Derecho Internacional y la Carta de las Naciones Unidas, especialmente &hellip;<\/p>\n","protected":false},"author":35,"featured_media":194232,"comment_status":"closed","ping_status":"closed","sticky":false,"template":"","format":"standard","meta":{"footnotes":""},"categories":[447,477,597,476,457,583,7541],"tags":[],"class_list":["post-194231","post","type-post","status-publish","format-standard","has-post-thumbnail","","category-local-politica","category-noticias-edulcorantes","category-cinta-de-noticias","category-locales","category-noticias-arabe-internacional-politica","category-slide","category-ultimas-noticias"],"_links":{"self":[{"href":"https:\/\/archive.sana.sy\/es\/index.php?rest_route=\/wp\/v2\/posts\/194231"}],"collection":[{"href":"https:\/\/archive.sana.sy\/es\/index.php?rest_route=\/wp\/v2\/posts"}],"about":[{"href":"https:\/\/archive.sana.sy\/es\/index.php?rest_route=\/wp\/v2\/types\/post"}],"author":[{"embeddable":true,"href":"https:\/\/archive.sana.sy\/es\/index.php?rest_route=\/wp\/v2\/users\/35"}],"replies":[{"embeddable":true,"href":"https:\/\/archive.sana.sy\/es\/index.php?rest_route=%2Fwp%2Fv2%2Fcomments&post=194231"}],"version-history":[{"count":0,"href":"https:\/\/archive.sana.sy\/es\/index.php?rest_route=\/wp\/v2\/posts\/194231\/revisions"}],"wp:featuredmedia":[{"embeddable":true,"href":"https:\/\/archive.sana.sy\/es\/index.php?rest_route=\/wp\/v2\/media\/194232"}],"wp:attachment":[{"href":"https:\/\/archive.sana.sy\/es\/index.php?rest_route=%2Fwp%2Fv2%2Fmedia&parent=194231"}],"wp:term":[{"taxonomy":"category","embeddable":true,"href":"https:\/\/archive.sana.sy\/es\/index.php?rest_route=%2Fwp%2Fv2%2Fcategories&post=194231"},{"taxonomy":"post_tag","embeddable":true,"href":"https:\/\/archive.sana.sy\/es\/index.php?rest_route=%2Fwp%2Fv2%2Ftags&post=194231"}],"curies":[{"name":"wp","href":"https:\/\/api.w.org\/{rel}","templated":true}]}}