{"id":19424,"date":"2015-03-13T15:15:56","date_gmt":"2015-03-13T13:15:56","guid":{"rendered":"http:\/\/www.sana.sy\/es\/?p=19424"},"modified":"2015-03-13T15:15:56","modified_gmt":"2015-03-13T13:15:56","slug":"un-ciudadano-resulto-herido-por-un-ataque-terrorista-por-un-proyectil-de-mortero-en-damasco","status":"publish","type":"post","link":"https:\/\/archive.sana.sy\/es\/?p=19424","title":{"rendered":"Un Ciudadano resulto herido por un ataque terrorista por un proyectil de mortero en Damasco."},"content":{"rendered":"<p><span style=\"color: #000000\">Damasco- SANA<\/span><\/p>\n<p style=\"text-align: justify\">Un ataque terrorista por un proyectil de mortero causo da\u00f1os materiales en la Mezquita Sinan Agha, adem\u00e1s de un civil herido en el mercado Al-manajliah en el barrio Al-amara en Damasco.<\/p>\n<p style=\"text-align: justify\">Una fuente de la comandancia de la polic\u00eda informo que, el proyectil cay\u00f3 sobre la c\u00fapula de la mezquita de Sinan Agha en el mercado hist\u00f3rico Al-mamajliah, causando la lesi\u00f3n al servidor de la mezquita, y la ocurrencia de da\u00f1os materiales.<\/p>\n<p><span style=\"color: #0000ff\">M.Miri<\/span><\/p>\n","protected":false},"excerpt":{"rendered":"<p>Damasco- SANA Un ataque terrorista por un proyectil de mortero causo da\u00f1os materiales en la Mezquita Sinan Agha, adem\u00e1s de un civil herido en el mercado Al-manajliah en el barrio Al-amara en Damasco. Una fuente de la comandancia de la polic\u00eda informo que, el proyectil cay\u00f3 sobre la c\u00fapula de la mezquita de Sinan Agha &hellip;<\/p>\n","protected":false},"author":1,"featured_media":7593,"comment_status":"closed","ping_status":"closed","sticky":false,"template":"","format":"standard","meta":{"footnotes":""},"categories":[477,597,573,476],"tags":[4405],"class_list":["post-19424","post","type-post","status-publish","format-standard","has-post-thumbnail","","category-noticias-edulcorantes","category-cinta-de-noticias","category-la-realidad-de-los-acontecimientos-en-siria","category-locales","tag-un-ciudadano-resulto-herido-por-un-ataque-terrorista-por-un-proyectil-de-mortero-en-damasco"],"_links":{"self":[{"href":"https:\/\/archive.sana.sy\/es\/index.php?rest_route=\/wp\/v2\/posts\/19424"}],"collection":[{"href":"https:\/\/archive.sana.sy\/es\/index.php?rest_route=\/wp\/v2\/posts"}],"about":[{"href":"https:\/\/archive.sana.sy\/es\/index.php?rest_route=\/wp\/v2\/types\/post"}],"author":[{"embeddable":true,"href":"https:\/\/archive.sana.sy\/es\/index.php?rest_route=\/wp\/v2\/users\/1"}],"replies":[{"embeddable":true,"href":"https:\/\/archive.sana.sy\/es\/index.php?rest_route=%2Fwp%2Fv2%2Fcomments&post=19424"}],"version-history":[{"count":0,"href":"https:\/\/archive.sana.sy\/es\/index.php?rest_route=\/wp\/v2\/posts\/19424\/revisions"}],"wp:featuredmedia":[{"embeddable":true,"href":"https:\/\/archive.sana.sy\/es\/index.php?rest_route=\/wp\/v2\/media\/7593"}],"wp:attachment":[{"href":"https:\/\/archive.sana.sy\/es\/index.php?rest_route=%2Fwp%2Fv2%2Fmedia&parent=19424"}],"wp:term":[{"taxonomy":"category","embeddable":true,"href":"https:\/\/archive.sana.sy\/es\/index.php?rest_route=%2Fwp%2Fv2%2Fcategories&post=19424"},{"taxonomy":"post_tag","embeddable":true,"href":"https:\/\/archive.sana.sy\/es\/index.php?rest_route=%2Fwp%2Fv2%2Ftags&post=19424"}],"curies":[{"name":"wp","href":"https:\/\/api.w.org\/{rel}","templated":true}]}}