{"id":194478,"date":"2021-08-26T06:41:23","date_gmt":"2021-08-26T03:41:23","guid":{"rendered":"http:\/\/107.6.182.27\/es\/?p=194478"},"modified":"2023-01-10T14:26:43","modified_gmt":"2023-01-10T12:26:43","slug":"actualizacion-de-las-cifras-de-la-covid-19-en-siria-3","status":"publish","type":"post","link":"https:\/\/archive.sana.sy\/es\/?p=194478","title":{"rendered":"Actualizaci\u00f3n de las cifras de la Covid-19 en Siria"},"content":{"rendered":"<p style=\"text-align: justify;\"><span style=\"color: #800000;\"><strong>Damasco, SANA<\/strong><\/span><\/p>\n<p style=\"text-align: justify;\">Las autoridades de salud sirias reportaron que 106 personas dieron positivo al SAR-CoV-2 durante la \u00faltima jornada, mientras 19 se recuperaron y cuatro fallecieron.<\/p>\n<p style=\"text-align: justify;\">En su informe diario sobre la situaci\u00f3n epidemiol\u00f3gica del pa\u00eds, el Ministerio de Salud\u00a0 inform\u00f3 que la mayor\u00eda de los nuevos casos fueron reportados en ciudad de Damasco, Alepo y Deraa.<\/p>\n<p style=\"text-align: justify;\">Agreg\u00f3 que la cifra de infectados a nivel nacional ascendi\u00f3 a 27.221 incluidos 22.348 recuperados, mientras la cifra de muertos se elev\u00f3 a 1,985.<\/p>\n<p style=\"text-align: justify;\">Siria report\u00f3 el primer caso del nuevo Coronavirus el 22 de marzo del a\u00f1o pasado.<\/p>\n<p style=\"text-align: justify;\"><strong><span style=\"color: #0000ff;\">fm<\/span><\/strong><\/p>\n","protected":false},"excerpt":{"rendered":"<p>Damasco, SANA Las autoridades de salud sirias reportaron que 106 personas dieron positivo al SAR-CoV-2 durante la \u00faltima jornada, mientras 19 se recuperaron y cuatro fallecieron. En su informe diario sobre la situaci\u00f3n epidemiol\u00f3gica del pa\u00eds, el Ministerio de Salud\u00a0 inform\u00f3 que la mayor\u00eda de los nuevos casos fueron reportados en ciudad de Damasco, Alepo &hellip;<\/p>\n","protected":false},"author":34,"featured_media":194479,"comment_status":"closed","ping_status":"closed","sticky":false,"template":"","format":"standard","meta":{"footnotes":""},"categories":[477,447,597,476,457,7541],"tags":[],"class_list":["post-194478","post","type-post","status-publish","format-standard","has-post-thumbnail","","category-noticias-edulcorantes","category-local-politica","category-cinta-de-noticias","category-locales","category-noticias-arabe-internacional-politica","category-ultimas-noticias"],"_links":{"self":[{"href":"https:\/\/archive.sana.sy\/es\/index.php?rest_route=\/wp\/v2\/posts\/194478"}],"collection":[{"href":"https:\/\/archive.sana.sy\/es\/index.php?rest_route=\/wp\/v2\/posts"}],"about":[{"href":"https:\/\/archive.sana.sy\/es\/index.php?rest_route=\/wp\/v2\/types\/post"}],"author":[{"embeddable":true,"href":"https:\/\/archive.sana.sy\/es\/index.php?rest_route=\/wp\/v2\/users\/34"}],"replies":[{"embeddable":true,"href":"https:\/\/archive.sana.sy\/es\/index.php?rest_route=%2Fwp%2Fv2%2Fcomments&post=194478"}],"version-history":[{"count":0,"href":"https:\/\/archive.sana.sy\/es\/index.php?rest_route=\/wp\/v2\/posts\/194478\/revisions"}],"wp:featuredmedia":[{"embeddable":true,"href":"https:\/\/archive.sana.sy\/es\/index.php?rest_route=\/wp\/v2\/media\/194479"}],"wp:attachment":[{"href":"https:\/\/archive.sana.sy\/es\/index.php?rest_route=%2Fwp%2Fv2%2Fmedia&parent=194478"}],"wp:term":[{"taxonomy":"category","embeddable":true,"href":"https:\/\/archive.sana.sy\/es\/index.php?rest_route=%2Fwp%2Fv2%2Fcategories&post=194478"},{"taxonomy":"post_tag","embeddable":true,"href":"https:\/\/archive.sana.sy\/es\/index.php?rest_route=%2Fwp%2Fv2%2Ftags&post=194478"}],"curies":[{"name":"wp","href":"https:\/\/api.w.org\/{rel}","templated":true}]}}