{"id":194559,"date":"2021-08-26T20:10:15","date_gmt":"2021-08-26T17:10:15","guid":{"rendered":"http:\/\/107.6.182.27\/es\/?p=194559"},"modified":"2021-08-26T20:10:49","modified_gmt":"2021-08-26T17:10:49","slug":"rusia-y-las-naciones-unidas-discuten-la-situacion-en-siria-2","status":"publish","type":"post","link":"https:\/\/archive.sana.sy\/es\/?p=194559","title":{"rendered":"Rusia y las Naciones Unidas discuten la situaci\u00f3n en Siria"},"content":{"rendered":"<p style=\"text-align: justify;\"><span style=\"color: #800000;\"><strong>Mosc\u00fa, SANA<\/strong><\/span><\/p>\n<p style=\"text-align: justify;\">El viceministro de Exteriores de Rusia, Sergei Vershinin, examin\u00f3, durante una conversaci\u00f3n telef\u00f3nica con el Enviado Especial de las Naciones Unidas para Siria, Geir Pedersen, la situaci\u00f3n en Siria y las formas de encontrar una soluci\u00f3n pol\u00edtica a la crisis en el pa\u00eds a trav\u00e9s de un proceso liderado por los propios sirios.<\/p>\n<p style=\"text-align: justify;\">Una declaraci\u00f3n difundida por la Canciller\u00eda rusa indic\u00f3 que las dos partes abordaron temas relacionados con la implementaci\u00f3n de la Resoluci\u00f3n No. 2585 del Consejo de Seguridad, en particular las tareas de brindar asistencia humanitaria y reconstrucci\u00f3n.<\/p>\n<p style=\"text-align: justify;\"><span style=\"color: #0000ff;\"><strong>sm\/rsh<\/strong><\/span><\/p>\n","protected":false},"excerpt":{"rendered":"<p>Mosc\u00fa, SANA El viceministro de Exteriores de Rusia, Sergei Vershinin, examin\u00f3, durante una conversaci\u00f3n telef\u00f3nica con el Enviado Especial de las Naciones Unidas para Siria, Geir Pedersen, la situaci\u00f3n en Siria y las formas de encontrar una soluci\u00f3n pol\u00edtica a la crisis en el pa\u00eds a trav\u00e9s de un proceso liderado por los propios sirios. &hellip;<\/p>\n","protected":false},"author":39,"featured_media":194560,"comment_status":"closed","ping_status":"closed","sticky":false,"template":"","format":"standard","meta":{"footnotes":""},"categories":[597,467],"tags":[],"class_list":["post-194559","post","type-post","status-publish","format-standard","has-post-thumbnail","","category-cinta-de-noticias","category-siria-y-el-mundo"],"_links":{"self":[{"href":"https:\/\/archive.sana.sy\/es\/index.php?rest_route=\/wp\/v2\/posts\/194559"}],"collection":[{"href":"https:\/\/archive.sana.sy\/es\/index.php?rest_route=\/wp\/v2\/posts"}],"about":[{"href":"https:\/\/archive.sana.sy\/es\/index.php?rest_route=\/wp\/v2\/types\/post"}],"author":[{"embeddable":true,"href":"https:\/\/archive.sana.sy\/es\/index.php?rest_route=\/wp\/v2\/users\/39"}],"replies":[{"embeddable":true,"href":"https:\/\/archive.sana.sy\/es\/index.php?rest_route=%2Fwp%2Fv2%2Fcomments&post=194559"}],"version-history":[{"count":0,"href":"https:\/\/archive.sana.sy\/es\/index.php?rest_route=\/wp\/v2\/posts\/194559\/revisions"}],"wp:featuredmedia":[{"embeddable":true,"href":"https:\/\/archive.sana.sy\/es\/index.php?rest_route=\/wp\/v2\/media\/194560"}],"wp:attachment":[{"href":"https:\/\/archive.sana.sy\/es\/index.php?rest_route=%2Fwp%2Fv2%2Fmedia&parent=194559"}],"wp:term":[{"taxonomy":"category","embeddable":true,"href":"https:\/\/archive.sana.sy\/es\/index.php?rest_route=%2Fwp%2Fv2%2Fcategories&post=194559"},{"taxonomy":"post_tag","embeddable":true,"href":"https:\/\/archive.sana.sy\/es\/index.php?rest_route=%2Fwp%2Fv2%2Ftags&post=194559"}],"curies":[{"name":"wp","href":"https:\/\/api.w.org\/{rel}","templated":true}]}}